{"id":14079,"date":"2024-12-03T15:36:48","date_gmt":"2024-12-03T13:36:48","guid":{"rendered":"https:\/\/u-labs.de\/portal\/?p=14079"},"modified":"2026-04-18T22:15:06","modified_gmt":"2026-04-18T21:15:06","slug":"cloud-windows-ts","status":"publish","type":"post","link":"https:\/\/u-labs.de\/portal\/cloud-windows-ts\/","title":{"rendered":"Dieses Windows l\u00e4uft nur in der Cloud: Das ist Windows NXT\/CPC\/365"},"content":{"rendered":"<p>Microsoft liebt &#8222;die Cloud&#8220;: Dank Abos und Abh\u00e4ngigkeit bringt ihnen nichts so viel Wachstum. Die unter der Marke Azure vertriebenen Clouddienste sind im Vergleich mit dem Vorjahr um 35% gestiegen &#8211; das \u00fcbertrifft Prognosen. Im abgelaufenen Quartal erzielte der Konzern einen Nettogewinn von 24,7 Milliarden US-Dollar &#8211; ein Anstieg um 11%.<sup data-fn=\"7ecc53b6-9964-4d5b-8c59-0c7daa800b7c\" class=\"fn\"><a href=\"#7ecc53b6-9964-4d5b-8c59-0c7daa800b7c\" id=\"7ecc53b6-9964-4d5b-8c59-0c7daa800b7c-link\">1<\/a><\/sup> Damit das so bleibt, dr\u00e4ngt Microsoft seine Nutzer vor allem unter Windows kr\u00e4ftig mit immer neuen Maschen zu den eigenen Clouddiensten. Doch selbst das scheint nicht mehr genug.<\/p>\n<h2 class=\"wp-block-heading\">Windows 365: Der Versuch, Windows in die MS Cloud zu schieben<\/h2>\n<p>Mit Windows 365 m\u00f6chte das Unternehmen letztendlich den Windows-PC in die Cloud schieben. <a href=\"https:\/\/u-labs.de\/portal\/heimliche-cloudzwang-in-windows\/\">Mit Windows 11 dr\u00e4ngt der Konzern die Nutzer zwar zunehmend dazu, die hauseigenen Clouddienste zu nutzen<\/a>. Es ist das erste Windows, bei dem offiziell keine lokalen Konten mehr genutzt werden d\u00fcrfen. Bereits zum Marktstart war das bei der Home-Lizenz der Fall. W\u00e4hrend man mit der Anmeldung also bereits von den Clouddiensten abh\u00e4ngig ist, lagen die Programme und meisten Nutzerdaten noch auf dem PC des Nutzers. Sie wurden zus\u00e4tzlich in z.B. OneDrive synchronisiert.<\/p>\n<h2 class=\"wp-block-heading\">&#8222;Der erste Cloud-PC&#8220;: Betriebssystem &amp; Programme aus der Cloud<\/h2>\n<p>Das reicht dem Konzern offensichtlich nicht mehr und er stellte 2021 bereits Windows 365 vor. Es wurde auch &#8222;Windows-as-a-Service&#8220; genannt, weil sich MS um alles k\u00fcmmert &#8211; oder der Nutzer die Kontrolle vollst\u00e4ndig verliert.<sup data-fn=\"4417ccfe-fc52-495b-ae56-4533df94a83f\" class=\"fn\"><a href=\"#4417ccfe-fc52-495b-ae56-4533df94a83f\" id=\"4417ccfe-fc52-495b-ae56-4533df94a83f-link\">2<\/a><\/sup> Wie zu erwarten war, dauerte es nicht lange, bis die ersten Sicherheitsm\u00e4ngel bekannt wurden.<sup data-fn=\"8ccfc435-9034-487f-810f-39ee98da6c65\" class=\"fn\"><a href=\"#8ccfc435-9034-487f-810f-39ee98da6c65\" id=\"8ccfc435-9034-487f-810f-39ee98da6c65-link\">3<\/a><\/sup> Der Nutzer ben\u00f6tigt lediglich ein Ger\u00e4t, welches Maus- und Tastatureingaben in die Cloud sendet, sowie das Bildsignal von dort zur\u00fcck auf den Bildschirm streamt. Wird ein Programm gestartet, l\u00e4uft dies auf den Servern von Microsoft. Auch gespeicherte Daten liegen nicht mehr auf dem eigenen PC. Souver\u00e4ne Unternehmen kennen dieses Konzept als Terminalserver. Hierbei liegen die Server allerdings im eigenen Rechenzentrum, statt in \u00f6ffentlichen Clouddiensten.<\/p>\n<p>Dieses Ger\u00e4t beim Nutzer kann leistungsschwach sein. Microsoft hat j\u00fcngst mit dem <em>Microsoft 365 Link<\/em> ein solches vorgestellt.<sup data-fn=\"0d28e7c5-bd51-41c5-b666-6c1da6ace21c\" class=\"fn\"><a href=\"#0d28e7c5-bd51-41c5-b666-6c1da6ace21c\" id=\"0d28e7c5-bd51-41c5-b666-6c1da6ace21c-link\">4<\/a><\/sup> Es kostet 349 US-Dollar und unterscheidet sich kaum von einem g\u00fcnstigen Mini-PC: Schwacher Intel-Prozessor, 8 GB RAM sowie 64 GB interner Speicher. Mit dieser Ausstattung k\u00f6nnen zwei Bildschirme in 4K-Aufl\u00f6sung angesteuert werden.<sup data-fn=\"9afa9323-e487-4357-b3ed-8291fe3b4b69\" class=\"fn\"><a href=\"#9afa9323-e487-4357-b3ed-8291fe3b4b69\" id=\"9afa9323-e487-4357-b3ed-8291fe3b4b69-link\">5<\/a><\/sup><sup data-fn=\"367f7780-50a7-4d17-976d-9f7efa2e95da\" class=\"fn\"><a href=\"#367f7780-50a7-4d17-976d-9f7efa2e95da\" id=\"367f7780-50a7-4d17-976d-9f7efa2e95da-link\">6<\/a><\/sup> Weder werden Programme lokal ausgef\u00fchrt, noch liegen darauf Daten. MS spricht vom &#8222;ersten Cloud-PC&#8220;.<\/p>\n<div class=\"wp-block-image\">\n<figure class=\"aligncenter size-large\"><a href=\"https:\/\/u-labs.de\/portal\/wp-content\/uploads\/2024\/11\/m365link.avif\"><img loading=\"lazy\" decoding=\"async\" width=\"1024\" height=\"576\" src=\"https:\/\/u-labs.de\/portal\/wp-content\/uploads\/2024\/11\/m365link-1024x576.jpg\" alt=\"\" class=\"wp-image-14080\" srcset=\"https:\/\/u-labs.de\/portal\/wp-content\/uploads\/2024\/11\/m365link-1024x576.jpg 1024w, https:\/\/u-labs.de\/portal\/wp-content\/uploads\/2024\/11\/m365link-300x169.jpg 300w, https:\/\/u-labs.de\/portal\/wp-content\/uploads\/2024\/11\/m365link-768x432.jpg 768w, https:\/\/u-labs.de\/portal\/wp-content\/uploads\/2024\/11\/m365link-640x360.jpg 640w, https:\/\/u-labs.de\/portal\/wp-content\/uploads\/2024\/11\/m365link-302x170.jpg 302w, https:\/\/u-labs.de\/portal\/wp-content\/uploads\/2024\/11\/m365link.avif 1280w\" sizes=\"auto, (max-width: 1024px) 100vw, 1024px\" \/><\/a><figcaption class=\"wp-element-caption\">So sieht der offizielle Thin Client von Microsoft f\u00fcr Windows in der Cloud aus &#8211; Quelle: Microsoft Mechanics<sup data-fn=\"e1434cd8-7272-4ac0-8c07-209348797c83\" class=\"fn\"><a href=\"#e1434cd8-7272-4ac0-8c07-209348797c83\" id=\"e1434cd8-7272-4ac0-8c07-209348797c83-link\">7<\/a><\/sup><\/figcaption><\/figure>\n<\/div>\n<h2 class=\"wp-block-heading\">Windows CPC\/NXT: Das Cloud only Windows<\/h2>\n<p>Allerdings l\u00e4uft darauf kein GNU\/Linux-Betriebssystem, wie es bei anderen Thin Clients \u00fcblich ist. Stattdessen hat Microsoft ein &#8222;Cloud-Windows&#8220; entwickelt, intern als &#8222;Windows NXT&#8220; bzw &#8222;Windows CPC&#8220; bezeichnet. Offiziell gibt es MS nicht heraus, ein Prototyp wurde jedoch geleakt. Hinter dem bunten Design mit wenig Text steckt eine webbasierte Nutzeroberfl\u00e4che, die auf einem kastrierten Windows l\u00e4uft. Dort hat MS alle Anwendungen entfernt &#8211; lediglich das Verbinden zur Windows 365 Cloudinstanz ist damit m\u00f6glich.<sup data-fn=\"ccda0fdd-9447-476e-9571-ec86e10eaca1\" class=\"fn\"><a href=\"#ccda0fdd-9447-476e-9571-ec86e10eaca1\" id=\"ccda0fdd-9447-476e-9571-ec86e10eaca1-link\">8<\/a><\/sup><\/p>\n<p>Sonderlich geschrumpft ist das Betriebssystem allerdings nicht: Satte 5,3 GB ist das ISO-Abbild gro\u00df und damit \u00e4hnlich schwerf\u00e4llig, wie das Desktop-Windows. Bereits der Installations-Assistent legt nahe, dass wohl lediglich Windows 11 etwas umgebaut wurde und man sich bisher nicht mal die M\u00fche machte, dies umzubenennen:<\/p>\n<div class=\"wp-block-image\">\n<figure class=\"aligncenter size-large\"><a href=\"https:\/\/u-labs.de\/portal\/wp-content\/uploads\/2024\/11\/win-nxt-setup.avif\"><img loading=\"lazy\" decoding=\"async\" width=\"1024\" height=\"841\" src=\"https:\/\/u-labs.de\/portal\/wp-content\/uploads\/2024\/11\/win-nxt-setup-1024x841.jpg\" alt=\"\" class=\"wp-image-14082\" srcset=\"https:\/\/u-labs.de\/portal\/wp-content\/uploads\/2024\/11\/win-nxt-setup-1024x841.jpg 1024w, https:\/\/u-labs.de\/portal\/wp-content\/uploads\/2024\/11\/win-nxt-setup-300x246.jpg 300w, https:\/\/u-labs.de\/portal\/wp-content\/uploads\/2024\/11\/win-nxt-setup-768x631.jpg 768w, https:\/\/u-labs.de\/portal\/wp-content\/uploads\/2024\/11\/win-nxt-setup-438x360.jpg 438w, https:\/\/u-labs.de\/portal\/wp-content\/uploads\/2024\/11\/win-nxt-setup-207x170.jpg 207w, https:\/\/u-labs.de\/portal\/wp-content\/uploads\/2024\/11\/win-nxt-setup.avif 1028w\" sizes=\"auto, (max-width: 1024px) 100vw, 1024px\" \/><\/a><\/figure>\n<\/div>\n<p>Auch der weitere Verlauf sieht identisch mit dem Installations-Assistenten der Windows 11 Insider Preview aus:<\/p>\n<div class=\"wp-block-image\">\n<figure class=\"aligncenter size-full\"><a href=\"https:\/\/u-labs.de\/portal\/wp-content\/uploads\/2024\/11\/nxt-setup2.avif\"><img loading=\"lazy\" decoding=\"async\" width=\"714\" height=\"272\" src=\"https:\/\/u-labs.de\/portal\/wp-content\/uploads\/2024\/11\/nxt-setup2.avif\" alt=\"\" class=\"wp-image-14083\" srcset=\"https:\/\/u-labs.de\/portal\/wp-content\/uploads\/2024\/11\/nxt-setup2.avif 714w, https:\/\/u-labs.de\/portal\/wp-content\/uploads\/2024\/11\/nxt-setup2-300x114.jpg 300w, https:\/\/u-labs.de\/portal\/wp-content\/uploads\/2024\/11\/nxt-setup2-640x244.jpg 640w, https:\/\/u-labs.de\/portal\/wp-content\/uploads\/2024\/11\/nxt-setup2-446x170.jpg 446w\" sizes=\"auto, (max-width: 714px) 100vw, 714px\" \/><\/a><\/figure>\n<\/div>\n<p>Viel anfangen l\u00e4sst sich damit allerdings nicht. In einer virtuellen Maschine scheitert die Vorschau-Version bereits an der Erkennung des virtuellen Netzwerkadapters und verlangt, eine Internetverbindung herzustellen. Ansonsten w\u00fcrde man bis zum Anmeldebildschirm zur Microsoft Cloud gelangen. Bereits im OOBE fehlen einige Komponenten aus dem vollwertigen Windows 11 &#8211; darunter beispielsweise der Windows Explorer, Task-Manager, Registrierungs-Editor und PowerShell. Die Konsole erscheint in schwarz\/gr\u00fcn, wie man es aus Hacker-Filmen kennt. Allerdings mit einer weniger gut lesbaren Schrift.<\/p>\n<div class=\"wp-block-image\">\n<figure class=\"aligncenter size-large\"><a href=\"https:\/\/u-labs.de\/portal\/wp-content\/uploads\/2024\/11\/binaries.avif\"><img loading=\"lazy\" decoding=\"async\" width=\"1024\" height=\"419\" src=\"https:\/\/u-labs.de\/portal\/wp-content\/uploads\/2024\/11\/binaries-1024x419.jpg\" alt=\"\" class=\"wp-image-14086\" srcset=\"https:\/\/u-labs.de\/portal\/wp-content\/uploads\/2024\/11\/binaries-1024x419.jpg 1024w, https:\/\/u-labs.de\/portal\/wp-content\/uploads\/2024\/11\/binaries-300x123.jpg 300w, https:\/\/u-labs.de\/portal\/wp-content\/uploads\/2024\/11\/binaries-768x314.jpg 768w, https:\/\/u-labs.de\/portal\/wp-content\/uploads\/2024\/11\/binaries-640x262.jpg 640w, https:\/\/u-labs.de\/portal\/wp-content\/uploads\/2024\/11\/binaries-416x170.jpg 416w, https:\/\/u-labs.de\/portal\/wp-content\/uploads\/2024\/11\/binaries.avif 1027w\" sizes=\"auto, (max-width: 1024px) 100vw, 1024px\" \/><\/a><\/figure>\n<\/div>\n<h2 class=\"wp-block-heading\">Was kommt auf Windows-Nutzer zu?<\/h2>\n<p>Neben den Ger\u00e4tekosten vor allem noch monatliche Abos. Ohne die ist der Microsoft 365 Link nutzlos. Die Abos beginnen bei 31,30\u20ac pro Monat f\u00fcr eine sehr d\u00fcnn ausgestattete virtuelle Maschine mit 2 Prozessorkernen, 4 GB RAM und 128 GB Festspeicher. Der gr\u00f6\u00dfte Tarif <em>Premium<\/em> entspricht einem heute \u00fcblichen B\u00fcro-PC und schl\u00e4gt mit 66,70\u20ac monatlich zu Buche. <\/p>\n<div class=\"wp-block-image\">\n<figure class=\"aligncenter size-large\"><a href=\"https:\/\/u-labs.de\/portal\/wp-content\/uploads\/2024\/11\/w365-abos.avif\"><img loading=\"lazy\" decoding=\"async\" width=\"1024\" height=\"561\" src=\"https:\/\/u-labs.de\/portal\/wp-content\/uploads\/2024\/11\/w365-abos-1024x561.jpg\" alt=\"\" class=\"wp-image-14084\" srcset=\"https:\/\/u-labs.de\/portal\/wp-content\/uploads\/2024\/11\/w365-abos-1024x561.jpg 1024w, https:\/\/u-labs.de\/portal\/wp-content\/uploads\/2024\/11\/w365-abos-300x164.jpg 300w, https:\/\/u-labs.de\/portal\/wp-content\/uploads\/2024\/11\/w365-abos-768x421.jpg 768w, https:\/\/u-labs.de\/portal\/wp-content\/uploads\/2024\/11\/w365-abos-640x351.jpg 640w, https:\/\/u-labs.de\/portal\/wp-content\/uploads\/2024\/11\/w365-abos-310x170.jpg 310w, https:\/\/u-labs.de\/portal\/wp-content\/uploads\/2024\/11\/w365-abos.avif 1292w\" sizes=\"auto, (max-width: 1024px) 100vw, 1024px\" \/><\/a><\/figure>\n<\/div>\n<p>Bisher richtet sich das Angebot an Unternehmen. Auf die hat sich MS schon seit langem fokussiert, weil dort am meisten Geld mit klassischen Lizenzen verdient wurde und auch noch wird. Mit Cloudabos ist der Umsatz weitaus h\u00f6her. Vor allem in Summe, da ja nicht mehr lediglich einmalige Lizenzen gekauft werden. Sondern die Kunden jeden Monat bzw. jedes Jahr bezahlen.<\/p>\n<p>Es d\u00fcrfte eine Frage der Zeit sein, bis MS auch Privatkunden auf virtuellen Windows-Systemen in der hauseigenen Azure-Cloud sehen will. Mit dem Glasfaserausbau ist dies in Zukunft zumindest technisch realistisch. Ob die Kunden das brauchen und wollen, steht auf einem anderen Blatt.<\/p>\n<h2 class=\"wp-block-heading\">Fazit<\/h2>\n<p>Darf es noch etwas mehr Abh\u00e4ngigkeit sein? Bereits aus den lokal installierten Windows-Umgebungen g\u00e4ngelt Microsoft seine Nutzer massiv: K\u00fcnstlich hohe Systemanforderungen, Zwang zum MS Cloudkonto und Werbung sind nur ein Auszug, was man als Windows-Nutzer im Jahre 2024 aushalten muss. Dies ist bereits eine bedenkliche Abh\u00e4ngigkeit &#8211; doch nichts im Vergleich dazu, wenn die gesamten Systeme zu MS ausgelagert werden.<\/p>\n<p>Neben den Kosten ist das sicherheitstechnisch mehr als bedenklich: Wie auch die On-Prem Software stecken Microsofts Clouddienste voller Sicherheitsl\u00fccken<sup data-fn=\"20cfa5d4-1050-4747-8980-bdd5ae359bbf\" class=\"fn\"><a href=\"#20cfa5d4-1050-4747-8980-bdd5ae359bbf\" id=\"20cfa5d4-1050-4747-8980-bdd5ae359bbf-link\">9<\/a><\/sup> und wurde bereits mehrfach gehackt &#8211; MS bekam das nicht mal mit. Wenn sie darauf aufmerksam gemacht werden, sieht das Unternehmen wenig Eile, ihre Sicherheitsm\u00e4ngel z\u00fcgig zu beseitigen.<sup data-fn=\"189c45dd-aafa-47c7-90ee-474f41753543\" class=\"fn\"><a href=\"#189c45dd-aafa-47c7-90ee-474f41753543\" id=\"189c45dd-aafa-47c7-90ee-474f41753543-link\">10<\/a><\/sup> MS ist derart ignorant und verschweigt Informationen zu Hacks, dass er vom BSI zu Transparenz verklagt wurde.<sup data-fn=\"bb153116-d5da-485d-a644-d477b6b936c4\" class=\"fn\"><a href=\"#bb153116-d5da-485d-a644-d477b6b936c4\" id=\"bb153116-d5da-485d-a644-d477b6b936c4-link\">11<\/a><\/sup> Der Konzern ist sogar damit \u00fcberfordert, das eigene Twitter\/X Konto unter der eigenen Kontrolle zu halten.<sup data-fn=\"04eb5165-6bda-4410-a6b3-30ced8100986\" class=\"fn\"><a href=\"#04eb5165-6bda-4410-a6b3-30ced8100986\" id=\"04eb5165-6bda-4410-a6b3-30ced8100986-link\">12<\/a><\/sup><\/p>\n<p>Wollt ihr deren mangelhaft abgesichertes Betriebssystem mit noch l\u00f6chriger Software eure Daten anvertrauen? Und noch abh\u00e4ngiger von einem derart agierenden Konzern sein, nur um eine bequeme virtualisierte Instanz per Internet von fremden Servern erreichbar zu haben?<\/p>\n<h2 class=\"wp-block-heading\">Quellen<\/h2>\n<ol class=\"wp-block-footnotes\">\n<li id=\"7ecc53b6-9964-4d5b-8c59-0c7daa800b7c\">https:\/\/www.handelsblatt.com\/technik\/it-internet\/tech-konzern-cloud-geschaeft-laesst-microsoft-gewinn-deutlich-steigen\/100081951.html <a href=\"#7ecc53b6-9964-4d5b-8c59-0c7daa800b7c-link\" aria-label=\"Zur Fu\u00dfnotenreferenz 1 navigieren\">\u21a9\ufe0e<\/a><\/li>\n<li id=\"4417ccfe-fc52-495b-ae56-4533df94a83f\">https:\/\/www.microsoft.com\/de-de\/windows-365 <a href=\"#4417ccfe-fc52-495b-ae56-4533df94a83f-link\" aria-label=\"Zur Fu\u00dfnotenreferenz 2 navigieren\">\u21a9\ufe0e<\/a><\/li>\n<li id=\"8ccfc435-9034-487f-810f-39ee98da6c65\">https:\/\/www.bleepingcomputer.com\/news\/microsoft\/windows-365-exposes-microsoft-azure-credentials-in-plaintext\/ <a href=\"#8ccfc435-9034-487f-810f-39ee98da6c65-link\" aria-label=\"Zur Fu\u00dfnotenreferenz 3 navigieren\">\u21a9\ufe0e<\/a><\/li>\n<li id=\"0d28e7c5-bd51-41c5-b666-6c1da6ace21c\">https:\/\/learn.microsoft.com\/de-de\/windows-365\/link\/overview <a href=\"#0d28e7c5-bd51-41c5-b666-6c1da6ace21c-link\" aria-label=\"Zur Fu\u00dfnotenreferenz 4 navigieren\">\u21a9\ufe0e<\/a><\/li>\n<li id=\"9afa9323-e487-4357-b3ed-8291fe3b4b69\">https:\/\/winfuture.de\/news,146900.html <a href=\"#9afa9323-e487-4357-b3ed-8291fe3b4b69-link\" aria-label=\"Zur Fu\u00dfnotenreferenz 5 navigieren\">\u21a9\ufe0e<\/a><\/li>\n<li id=\"367f7780-50a7-4d17-976d-9f7efa2e95da\">https:\/\/winfuture.de\/news,146843.html <a href=\"#367f7780-50a7-4d17-976d-9f7efa2e95da-link\" aria-label=\"Zur Fu\u00dfnotenreferenz 6 navigieren\">\u21a9\ufe0e<\/a><\/li>\n<li id=\"e1434cd8-7272-4ac0-8c07-209348797c83\">https:\/\/www.youtube.com\/watch?v=dG0vepqXw_Q <a href=\"#e1434cd8-7272-4ac0-8c07-209348797c83-link\" aria-label=\"Zur Fu\u00dfnotenreferenz 7 navigieren\">\u21a9\ufe0e<\/a><\/li>\n<li id=\"ccda0fdd-9447-476e-9571-ec86e10eaca1\">https:\/\/winfuture.de\/news,147095.html <a href=\"#ccda0fdd-9447-476e-9571-ec86e10eaca1-link\" aria-label=\"Zur Fu\u00dfnotenreferenz 8 navigieren\">\u21a9\ufe0e<\/a><\/li>\n<li id=\"20cfa5d4-1050-4747-8980-bdd5ae359bbf\">https:\/\/www.bleepingcomputer.com\/news\/microsoft\/azure-service-tags-tagged-as-security-risk-microsoft-disagrees\/ <a href=\"#20cfa5d4-1050-4747-8980-bdd5ae359bbf-link\" aria-label=\"Zur Fu\u00dfnotenreferenz 9 navigieren\">\u21a9\ufe0e<\/a><\/li>\n<li id=\"189c45dd-aafa-47c7-90ee-474f41753543\">https:\/\/www.borncity.com\/blog\/2023\/08\/03\/sicherheitsrisiko-microsoft-azure-schwachstelle-seit-mrz-2023-ungepatcht-schwere-kritik-von-tenable-teil-2\/ <a href=\"#189c45dd-aafa-47c7-90ee-474f41753543-link\" aria-label=\"Zur Fu\u00dfnotenreferenz 10 navigieren\">\u21a9\ufe0e<\/a><\/li>\n<li id=\"bb153116-d5da-485d-a644-d477b6b936c4\">https:\/\/winfuture.de\/news,142895.html <a href=\"#bb153116-d5da-485d-a644-d477b6b936c4-link\" aria-label=\"Zur Fu\u00dfnotenreferenz 11 navigieren\">\u21a9\ufe0e<\/a><\/li>\n<li id=\"04eb5165-6bda-4410-a6b3-30ced8100986\">https:\/\/www.csoonline.com\/article\/3494043\/microsoft-account-fur-roaring-kitty-scam-missbraucht.html <a href=\"#04eb5165-6bda-4410-a6b3-30ced8100986-link\" aria-label=\"Zur Fu\u00dfnotenreferenz 12 navigieren\">\u21a9\ufe0e<\/a><\/li>\n<\/ol>\n","protected":false},"excerpt":{"rendered":"<p>Microsoft liebt &#8222;die Cloud&#8220;: Dank Abos und Abh\u00e4ngigkeit bringt ihnen nichts so viel Wachstum. Die unter der Marke Azure vertriebenen Clouddienste sind im Vergleich mit dem Vorjahr um 35% gestiegen &#8211; das \u00fcbertrifft Prognosen. Im abgelaufenen Quartal erzielte der Konzern einen Nettogewinn von 24,7 Milliarden US-Dollar &#8211; ein Anstieg um 11%. Damit das so bleibt, &#8230;<\/p>\n","protected":false},"author":5,"featured_media":14096,"comment_status":"open","ping_status":"open","sticky":false,"template":"","format":"standard","meta":{"footnotes":"[{\"content\":\"https:\/\/www.handelsblatt.com\/technik\/it-internet\/tech-konzern-cloud-geschaeft-laesst-microsoft-gewinn-deutlich-steigen\/100081951.html\",\"id\":\"7ecc53b6-9964-4d5b-8c59-0c7daa800b7c\"},{\"content\":\"https:\/\/www.microsoft.com\/de-de\/windows-365\",\"id\":\"4417ccfe-fc52-495b-ae56-4533df94a83f\"},{\"content\":\"https:\/\/www.bleepingcomputer.com\/news\/microsoft\/windows-365-exposes-microsoft-azure-credentials-in-plaintext\/\",\"id\":\"8ccfc435-9034-487f-810f-39ee98da6c65\"},{\"content\":\"https:\/\/learn.microsoft.com\/de-de\/windows-365\/link\/overview\",\"id\":\"0d28e7c5-bd51-41c5-b666-6c1da6ace21c\"},{\"content\":\"https:\/\/winfuture.de\/news,146900.html\",\"id\":\"9afa9323-e487-4357-b3ed-8291fe3b4b69\"},{\"content\":\"https:\/\/winfuture.de\/news,146843.html\",\"id\":\"367f7780-50a7-4d17-976d-9f7efa2e95da\"},{\"content\":\"https:\/\/www.youtube.com\/watch?v=dG0vepqXw_Q\",\"id\":\"e1434cd8-7272-4ac0-8c07-209348797c83\"},{\"content\":\"https:\/\/winfuture.de\/news,147095.html\",\"id\":\"ccda0fdd-9447-476e-9571-ec86e10eaca1\"},{\"content\":\"https:\/\/www.bleepingcomputer.com\/news\/microsoft\/azure-service-tags-tagged-as-security-risk-microsoft-disagrees\/\",\"id\":\"20cfa5d4-1050-4747-8980-bdd5ae359bbf\"},{\"content\":\"https:\/\/www.borncity.com\/blog\/2023\/08\/03\/sicherheitsrisiko-microsoft-azure-schwachstelle-seit-mrz-2023-ungepatcht-schwere-kritik-von-tenable-teil-2\/\",\"id\":\"189c45dd-aafa-47c7-90ee-474f41753543\"},{\"content\":\"https:\/\/winfuture.de\/news,142895.html\",\"id\":\"bb153116-d5da-485d-a644-d477b6b936c4\"},{\"content\":\"https:\/\/www.csoonline.com\/article\/3494043\/microsoft-account-fur-roaring-kitty-scam-missbraucht.html\",\"id\":\"04eb5165-6bda-4410-a6b3-30ced8100986\"}]"},"categories":[1116,91],"tags":[1074,488,256],"class_list":["post-14079","post","type-post","status-publish","format-standard","has-post-thumbnail","hentry","category-digitale-un-souveraenitaet","category-windows","tag-azure","tag-cloud","tag-microsoft"],"_links":{"self":[{"href":"https:\/\/u-labs.de\/portal\/wp-json\/wp\/v2\/posts\/14079","targetHints":{"allow":["GET"]}}],"collection":[{"href":"https:\/\/u-labs.de\/portal\/wp-json\/wp\/v2\/posts"}],"about":[{"href":"https:\/\/u-labs.de\/portal\/wp-json\/wp\/v2\/types\/post"}],"author":[{"embeddable":true,"href":"https:\/\/u-labs.de\/portal\/wp-json\/wp\/v2\/users\/5"}],"replies":[{"embeddable":true,"href":"https:\/\/u-labs.de\/portal\/wp-json\/wp\/v2\/comments?post=14079"}],"version-history":[{"count":7,"href":"https:\/\/u-labs.de\/portal\/wp-json\/wp\/v2\/posts\/14079\/revisions"}],"predecessor-version":[{"id":14094,"href":"https:\/\/u-labs.de\/portal\/wp-json\/wp\/v2\/posts\/14079\/revisions\/14094"}],"wp:featuredmedia":[{"embeddable":true,"href":"https:\/\/u-labs.de\/portal\/wp-json\/wp\/v2\/media\/14096"}],"wp:attachment":[{"href":"https:\/\/u-labs.de\/portal\/wp-json\/wp\/v2\/media?parent=14079"}],"wp:term":[{"taxonomy":"category","embeddable":true,"href":"https:\/\/u-labs.de\/portal\/wp-json\/wp\/v2\/categories?post=14079"},{"taxonomy":"post_tag","embeddable":true,"href":"https:\/\/u-labs.de\/portal\/wp-json\/wp\/v2\/tags?post=14079"}],"curies":[{"name":"wp","href":"https:\/\/api.w.org\/{rel}","templated":true}]}}