{"id":14649,"date":"2025-02-22T00:07:24","date_gmt":"2025-02-21T22:07:24","guid":{"rendered":"https:\/\/u-labs.de\/portal\/?p=14649"},"modified":"2025-02-22T00:12:51","modified_gmt":"2025-02-21T22:12:51","slug":"die-linke-waechst-rasant-wie-nie","status":"publish","type":"post","link":"https:\/\/u-labs.de\/portal\/die-linke-waechst-rasant-wie-nie\/","title":{"rendered":"Die Linke w\u00e4chst so rasant wie nie &#8211; dank Internet"},"content":{"rendered":"<p><em>Die Linke<\/em> hat es wieder nach vorne geschafft. Eine entscheidende Rolle spielt dabei das Internet: Man hat erkannt, wie Soziale Netzwerke funktionieren und wie man die Menschen dar\u00fcber erreichen kann. Au\u00dferdem haben sie Webseiten geschaffen, die Menschen weitaus mehr helfen, als blo\u00df \u00fcber das Wahlprogramm der Zukunft zu informieren. Eine geschickte Kombination aus klassischen &amp; moderneren Techniken hat die Reichweite der Partei stark erh\u00f6ht. Es besteht eine hohe Chance, dass es <em>die Linke<\/em> bei der vorgezogenen Bundestagswahl 2025 in den Bundestag schafft.<\/p>\n<h2 class=\"wp-block-heading\">Der Neuanfang begann erst vor wenigen Monaten<\/h2>\n<p>Heftige Streitereien im Inneren, stark gesunkene Wahlergebnisse und schlussendlich die Gr\u00fcndung des BWS &#8211; es sah eine Zeit lang gar nicht gut aus. Mit Sarah Wagenknecht verlie\u00df <em>die Linke<\/em> Anfang 2024 eine ihrer bekanntesten Politiker. Dadurch verlor die Partei ihren Fraktionsstatus und war fortan nur noch als Gruppe im Bundestag. Der Einzug dorthin war bereits 2021 bei 4,9% nur sehr knapp durch drei Direktmandate erreicht worden.<sup data-fn=\"9335e564-b858-4448-a511-67ea1bae23b1\" class=\"fn\"><a href=\"#9335e564-b858-4448-a511-67ea1bae23b1\" id=\"9335e564-b858-4448-a511-67ea1bae23b1-link\">1<\/a><\/sup> Die Linkspartei drohte endg\u00fcltig in der Bedeutungslosigkeit zu versinken.<\/p>\n<p>Doch statt aufzugeben, erfindet sie sich neu und wechselt die Spitze: Im Oktober 2024 wird die Publizistin Ines Schwerdtner (35 Jahre) mit 79,8% der Stimmen auf dem Parteitag gew\u00e4hlt &#8211; zusammen mit 88,0% f\u00fcr den fr\u00fcheren Bundestagsabgeordneten Jan van Aken (63 Jahre). Man wolle sich f\u00fcr eine gerechtere Verm\u00f6gensverteilung und mehr gesellschaftliche Solidarit\u00e4t einsetzen. Vor allem f\u00fcr <em>einfache Menschen<\/em>. Auch intern soll mehr Solidarit\u00e4t herrschen. Jan van Aken forderte Konkret &#8222;Schluss mit Zoff&#8220;. Unstimmigkeiten m\u00fcssen vern\u00fcnftig in der Partei gekl\u00e4rt werden, statt diese in aller \u00d6ffentlichkeit auszutragen.<\/p>\n<h2 class=\"wp-block-heading\">Erfahren &amp; Aggressiv: Das perfekte Duo?<\/h2>\n<p>Ines Schwerdtner ist erst seit Sommer 2023 in <em>die Linke<\/em> eingetreten. Als Journalistin hat sie sich bereits zuvor mit der Partei besch\u00e4ftigt und f\u00fchlt sich bereits seit 2007 mit ihr verbunden. Jan van Aken kann als ehemaliges Mitglied im Bundestag von 2009 &#8211; 2017 auf Jahrzehnte an Erfahrung zur\u00fcck greifen. Er schied aus, weil aus seiner Sicht Mandate grunds\u00e4tzlich begrenzt sein sollten.<sup data-fn=\"87654a73-e9c2-43a2-b738-be2b70531013\" class=\"fn\"><a href=\"#87654a73-e9c2-43a2-b738-be2b70531013\" id=\"87654a73-e9c2-43a2-b738-be2b70531013-link\">2<\/a><\/sup> \u00c4hnliches wurde bereits von Gregor Gysi gefordert.<\/p>\n<p>Jan van Aken tritt ruhiger auf, w\u00e4hrend Ines Schwerdtner aggressiver vorgeht. Sie zeigte sich beispielsweise bereits im Oktober 2024 sicher, 2025 mit &#8222;gro\u00dfer St\u00e4rke&#8220; in den Bundestag einzuziehen. Urspr\u00fcnglich gemeint war damit der regul\u00e4re Termin am 28. September 2025. Doch das Ausscheiden der FDP am 07.11.2024 f\u00fchrte zu vorgezogenen Neuwahlen, die bereits am 23.02.2025 stattfinden.<sup data-fn=\"203c0b21-808a-4ae6-a0d1-d618bf9772b3\" class=\"fn\"><a href=\"#203c0b21-808a-4ae6-a0d1-d618bf9772b3\" id=\"203c0b21-808a-4ae6-a0d1-d618bf9772b3-link\">3<\/a><\/sup> Damit bleiben dem frisch gew\u00e4hlten Team lediglich 4 Monate Zeit, in ihrer neuen Position den Wahlkampf vorzubereiten.<\/p>\n<h2 class=\"wp-block-heading\">Der rasante Aufstieg<\/h2>\n<p>Mit etwa 4% startete die Linke in den Wahlkampf. Teils wirkten ihre Ergebnisse sogar noch schlechter: Laut INSA bekam sie am 05.01.2025 nur 3%.<sup data-fn=\"6ec82166-2add-4448-b6bb-c8ca9ec4d9ed\" class=\"fn\"><a href=\"#6ec82166-2add-4448-b6bb-c8ca9ec4d9ed\" id=\"6ec82166-2add-4448-b6bb-c8ca9ec4d9ed-link\">4<\/a><\/sup> Solche kleineren Abweichungen sprechen jedoch nicht f\u00fcr eine geringere Zustimmung. Neben den \u00fcblichen Schwankungen variieren die Prozentpunkte je nach Umfrage.<\/p>\n<div class=\"wp-block-image\">\n<figure class=\"aligncenter size-full\"><a href=\"https:\/\/u-labs.de\/portal\/wp-content\/uploads\/2025\/02\/linke-umfragen-abweichung.avif\"><img loading=\"lazy\" decoding=\"async\" width=\"721\" height=\"382\" src=\"https:\/\/u-labs.de\/portal\/wp-content\/uploads\/2025\/02\/linke-umfragen-abweichung.avif\" alt=\"\" class=\"wp-image-14654\" srcset=\"https:\/\/u-labs.de\/portal\/wp-content\/uploads\/2025\/02\/linke-umfragen-abweichung.avif 721w, https:\/\/u-labs.de\/portal\/wp-content\/uploads\/2025\/02\/linke-umfragen-abweichung-300x159.jpg 300w, https:\/\/u-labs.de\/portal\/wp-content\/uploads\/2025\/02\/linke-umfragen-abweichung-640x339.jpg 640w, https:\/\/u-labs.de\/portal\/wp-content\/uploads\/2025\/02\/linke-umfragen-abweichung-321x170.jpg 321w\" sizes=\"auto, (max-width: 721px) 100vw, 721px\" \/><\/a><\/figure>\n<\/div>\n<p>In den letzten Wochen konnte die Partei stark zulegen und lag am 18.02.2025 bereits bei 6,6% &#8211; ein neuer Rekord. Im Vergleich mit der Bundestagswahl 2021 w\u00e4re die Linke damit sicher im Bundestag, ohne auf Direktmandate angewiesen zu sein.<sup data-fn=\"7150e3b4-f07d-4fce-b2db-09d1f57867f6\" class=\"fn\"><a href=\"#7150e3b4-f07d-4fce-b2db-09d1f57867f6\" id=\"7150e3b4-f07d-4fce-b2db-09d1f57867f6-link\">5<\/a><\/sup><\/p>\n<div class=\"wp-block-image\">\n<figure class=\"aligncenter size-full\"><a href=\"https:\/\/u-labs.de\/portal\/wp-content\/uploads\/2025\/02\/vgl-bundestagswahl-2021.avif\"><img loading=\"lazy\" decoding=\"async\" width=\"735\" height=\"512\" src=\"https:\/\/u-labs.de\/portal\/wp-content\/uploads\/2025\/02\/vgl-bundestagswahl-2021.avif\" alt=\"\" class=\"wp-image-14655\" srcset=\"https:\/\/u-labs.de\/portal\/wp-content\/uploads\/2025\/02\/vgl-bundestagswahl-2021.avif 735w, https:\/\/u-labs.de\/portal\/wp-content\/uploads\/2025\/02\/vgl-bundestagswahl-2021-300x209.jpg 300w, https:\/\/u-labs.de\/portal\/wp-content\/uploads\/2025\/02\/vgl-bundestagswahl-2021-517x360.jpg 517w, https:\/\/u-labs.de\/portal\/wp-content\/uploads\/2025\/02\/vgl-bundestagswahl-2021-244x170.jpg 244w\" sizes=\"auto, (max-width: 735px) 100vw, 735px\" \/><\/a><\/figure>\n<\/div>\n<p>Ein Blick auf die Wahltrends in den letzten 12 Monaten zeigt, wie die Linke stagniert. Bis es ab Januar 2025 zum mit Abstand gr\u00f6\u00dften Wachstum unter allen Parteien kommt:<\/p>\n<div class=\"wp-block-image\">\n<figure class=\"aligncenter size-full\"><a href=\"https:\/\/u-labs.de\/portal\/wp-content\/uploads\/2025\/02\/wahltrends-feb-24-25.avif\"><img loading=\"lazy\" decoding=\"async\" width=\"718\" height=\"481\" src=\"https:\/\/u-labs.de\/portal\/wp-content\/uploads\/2025\/02\/wahltrends-feb-24-25.avif\" alt=\"\" class=\"wp-image-14656\" srcset=\"https:\/\/u-labs.de\/portal\/wp-content\/uploads\/2025\/02\/wahltrends-feb-24-25.avif 718w, https:\/\/u-labs.de\/portal\/wp-content\/uploads\/2025\/02\/wahltrends-feb-24-25-300x201.jpg 300w, https:\/\/u-labs.de\/portal\/wp-content\/uploads\/2025\/02\/wahltrends-feb-24-25-537x360.jpg 537w, https:\/\/u-labs.de\/portal\/wp-content\/uploads\/2025\/02\/wahltrends-feb-24-25-254x170.jpg 254w\" sizes=\"auto, (max-width: 718px) 100vw, 718px\" \/><\/a><\/figure>\n<\/div>\n<h2 class=\"wp-block-heading\">Wie hat die Linke das geschafft?<\/h2>\n<p>Ich sehe nicht den einen isolierten Grund, der zu diesem Umschwung gef\u00fchrt hat. Viel mehr ist es eine neue Strategie, die aus mehreren Aspekten besteht. Sie machen klar, wo die Partei steht.<\/p>\n<h3 class=\"wp-block-heading\">Bodenst\u00e4ndig: Die Themen aller Menschen verstehen &amp; ber\u00fccksichtigen<\/h3>\n<p>Minderheiten wie z.B. Nicht-Heterosexuelle sind f\u00fcr die Linke besonders wichtig. Aber auch Standpunkte, die in der politischen Umsetzung kaum Mehrheiten finden &#8211; etwa Schutz der Umwelt statt des Kapitalismus. All das ist definitiv wichtig, gerade weil es teils bei anderen Parteien zu kurz kommt. Viele haben jedoch den Eindruck bekommen, dass sich die Partei zu sehr auf Minderheiten und weniger relevante Themen wie z.B. Gendern konzentriert.<\/p>\n<p>2022 zeigte eine Studie: 40% der Deutschen haben weniger als 1.000\u20ac an Ersparnissen f\u00fcr ungeplante Ausgaben. Bei 20% betr\u00e4gt die Reserve unter 500\u20ac.<sup data-fn=\"c3e73f09-7bfd-4a9b-bc14-fc22f4c8cc75\" class=\"fn\"><a href=\"#c3e73f09-7bfd-4a9b-bc14-fc22f4c8cc75\" id=\"c3e73f09-7bfd-4a9b-bc14-fc22f4c8cc75-link\">6<\/a><\/sup> Solche Menschen geraten in finanzielle Not, wenn allt\u00e4gliche Dinge ersetzt werden m\u00fcssen. Sie f\u00fchlen sich nicht mehr von der Linken abgeholt. Bei <em>einfachen Leuten<\/em> mit eher geringem Einkommen hat die Partei in der Vergangenheit viele Stimmen verloren. Es ist daher l\u00e4ngst \u00fcberf\u00e4llig, auch wieder auf die Bev\u00f6lkerung zuzugehen. Das hat die Linke anscheinend endlich verstanden und versucht diesen Kontakt wiederherzustellen.<sup data-fn=\"b4ae5fbb-4f5f-4338-80d4-747b38edefc9\" class=\"fn\"><a href=\"#b4ae5fbb-4f5f-4338-80d4-747b38edefc9\" id=\"b4ae5fbb-4f5f-4338-80d4-747b38edefc9-link\">7<\/a><\/sup><\/p>\n<p>Bereits letztes Jahr hat der Parteivorstand sein Gehalt deutlich auf nur rund 2.850\u20ac Netto reduziert &#8211; dem Durchschnittsgehalt in Deutschland. Laut Parteisatzung stehen ihnen 8.162,50\u20ac Brutto pro Person zu. Die Differenz soll bed\u00fcrftigen Menschen zu gute kommen.<sup data-fn=\"9653ab4d-81b7-47aa-a4b9-a6ab3e7af242\" class=\"fn\"><a href=\"#9653ab4d-81b7-47aa-a4b9-a6ab3e7af242\" id=\"9653ab4d-81b7-47aa-a4b9-a6ab3e7af242-link\">8<\/a><\/sup> &#8222;Wir sind der \u00dcberzeugung, dass abgehobene Geh\u00e4lter auch zu einer abgehobenen Politik f\u00fchren&#8220; ist eine klare Positionierung zur Mehrheit der Menschen, die von durchschnittlichen Politiker-Di\u00e4ten nur tr\u00e4umen k\u00f6nnen.<\/p>\n<h3 class=\"wp-block-heading\">Soziale Netzwerke verstehen &amp; gezielt einsetzen<\/h3>\n<p>Lange Zeit wurden vor allem die wichtigen kommerziellen Sozialen Netzwerke kaum von linken Parteien erfolgreich bespielt. Die Linke ist zwar z.B. bereits seit 2006 auf YouTube mit tausenden Videos vertreten.<sup data-fn=\"0d29fc15-e8c7-4e68-a681-390eccd5d799\" class=\"fn\"><a href=\"#0d29fc15-e8c7-4e68-a681-390eccd5d799\" id=\"0d29fc15-e8c7-4e68-a681-390eccd5d799-link\">9<\/a><\/sup> Leider hat sie nicht verstanden, wie kommerzielle Soziale Netzwerke zur Gewinnung von Reichweite funktionieren. Daher erzielte sie lange Zeit wenig davon: Viele Videos bekamen nur ein paar hundert oder tausende Aufrufe. 5-Stellige Aufrufzahlen gelangen fast nur mit bekannten Pers\u00f6nlichkeiten wie Gregor Gysi. Er wird von vielen gesch\u00e4tzt, doch der Partei half das wenig.<\/p>\n<div class=\"wp-block-image\">\n<figure class=\"aligncenter size-large\"><a href=\"https:\/\/u-labs.de\/portal\/wp-content\/uploads\/2025\/02\/dielinke-yt-videos.avif\"><img loading=\"lazy\" decoding=\"async\" width=\"1024\" height=\"432\" src=\"https:\/\/u-labs.de\/portal\/wp-content\/uploads\/2025\/02\/dielinke-yt-videos-1024x432.jpg\" alt=\"\" class=\"wp-image-14666\" srcset=\"https:\/\/u-labs.de\/portal\/wp-content\/uploads\/2025\/02\/dielinke-yt-videos-1024x432.jpg 1024w, https:\/\/u-labs.de\/portal\/wp-content\/uploads\/2025\/02\/dielinke-yt-videos-300x127.jpg 300w, https:\/\/u-labs.de\/portal\/wp-content\/uploads\/2025\/02\/dielinke-yt-videos-768x324.jpg 768w, https:\/\/u-labs.de\/portal\/wp-content\/uploads\/2025\/02\/dielinke-yt-videos-640x270.jpg 640w, https:\/\/u-labs.de\/portal\/wp-content\/uploads\/2025\/02\/dielinke-yt-videos-403x170.jpg 403w, https:\/\/u-labs.de\/portal\/wp-content\/uploads\/2025\/02\/dielinke-yt-videos.avif 1287w\" sizes=\"auto, (max-width: 1024px) 100vw, 1024px\" \/><\/a><\/figure>\n<\/div>\n<p>Der Rechte Rand hatte Jahrelangen Vorsprung und schien gezielt Bundestagsreden zu optimieren, damit sie in Sozialen Netzwerken viele Aufrufe generieren. Doch die Linke hat das in den letzten Monaten endlich ebenfalls gelernt: Titel und Vorschaubilder der Videos sind spannend, treffen aktuelle Themen und erzielen weitaus mehr Reichweite, als je zuvor. Manche wurden mehr als 500.000 mal aufgerufen. Die Zeiten von maximal ein paar tausend Klicks sind vorbei.<\/p>\n<div class=\"wp-block-image\">\n<figure class=\"aligncenter size-large\"><a href=\"https:\/\/u-labs.de\/portal\/wp-content\/uploads\/2025\/02\/dielinke-yt-videos_neu.avif\"><img loading=\"lazy\" decoding=\"async\" width=\"1024\" height=\"431\" src=\"https:\/\/u-labs.de\/portal\/wp-content\/uploads\/2025\/02\/dielinke-yt-videos_neu-1024x431.jpg\" alt=\"\" class=\"wp-image-14669\" srcset=\"https:\/\/u-labs.de\/portal\/wp-content\/uploads\/2025\/02\/dielinke-yt-videos_neu-1024x431.jpg 1024w, https:\/\/u-labs.de\/portal\/wp-content\/uploads\/2025\/02\/dielinke-yt-videos_neu-300x126.jpg 300w, https:\/\/u-labs.de\/portal\/wp-content\/uploads\/2025\/02\/dielinke-yt-videos_neu-768x323.jpg 768w, https:\/\/u-labs.de\/portal\/wp-content\/uploads\/2025\/02\/dielinke-yt-videos_neu-640x269.jpg 640w, https:\/\/u-labs.de\/portal\/wp-content\/uploads\/2025\/02\/dielinke-yt-videos_neu-404x170.jpg 404w, https:\/\/u-labs.de\/portal\/wp-content\/uploads\/2025\/02\/dielinke-yt-videos_neu.avif 1282w\" sizes=\"auto, (max-width: 1024px) 100vw, 1024px\" \/><\/a><\/figure>\n<\/div>\n<p>Im fr\u00fcheren Vergleich wird besonders deutlich, wie extrem erfolgreich der YouTube-Kanal in k\u00fcrzester Zeit geworden ist. Erst Mitte Oktober 2024 schafft es die Linke, ihre w\u00f6chentlichen Videoaufrufe um ungef\u00e4hr Faktor 16 zu erh\u00f6hen. Und zwar nicht blo\u00df einmal, wie es bereits im Juni kurzzeitig geschah. Im Oktober gelang der Anfang eines bisher beispiellosen Wachstums. Zum Jahreswechsel erzielte der Kanal bereits \u00fcber 473.000 Aufrufe w\u00f6chentlich. Ab 13. Januar eskalierten die Aufrufe komplett und erzielen jede Woche einen neuen Rekord. Vom 10.02. &#8211; 17.02. waren es zuletzt rund 2,8 Millionen!<sup data-fn=\"54127e5d-52fc-4521-8aa6-f1f965548a07\" class=\"fn\"><a href=\"#54127e5d-52fc-4521-8aa6-f1f965548a07\" id=\"54127e5d-52fc-4521-8aa6-f1f965548a07-link\">10<\/a><\/sup><\/p>\n<div class=\"wp-block-image\">\n<figure class=\"aligncenter size-full\"><a href=\"https:\/\/u-labs.de\/portal\/wp-content\/uploads\/2025\/02\/yt-aufrufe.avif\"><img loading=\"lazy\" decoding=\"async\" width=\"876\" height=\"231\" src=\"https:\/\/u-labs.de\/portal\/wp-content\/uploads\/2025\/02\/yt-aufrufe.avif\" alt=\"\" class=\"wp-image-14701\" srcset=\"https:\/\/u-labs.de\/portal\/wp-content\/uploads\/2025\/02\/yt-aufrufe.avif 876w, https:\/\/u-labs.de\/portal\/wp-content\/uploads\/2025\/02\/yt-aufrufe-300x79.jpg 300w, https:\/\/u-labs.de\/portal\/wp-content\/uploads\/2025\/02\/yt-aufrufe-768x203.jpg 768w, https:\/\/u-labs.de\/portal\/wp-content\/uploads\/2025\/02\/yt-aufrufe-640x169.jpg 640w, https:\/\/u-labs.de\/portal\/wp-content\/uploads\/2025\/02\/yt-aufrufe-645x170.jpg 645w\" sizes=\"auto, (max-width: 876px) 100vw, 876px\" \/><\/a><\/figure>\n<\/div>\n<p>Das spiegelt sich auch in den Abonnenten wieder. Am 25.01.2025 hatte der Kanal mit 56.200 Abos bereits tausende Abonnenten gewonnen, was f\u00fcr die Linke ein starkes Wachstum war. Zuvor erreichten sie in manchen Monaten nicht einmal 100 neue Abonnenten. Zum Vergleich: Derzeit sind es 10.000 pro Woche.<\/p>\n<div class=\"wp-block-image\">\n<figure class=\"aligncenter size-large\"><a href=\"https:\/\/u-labs.de\/portal\/wp-content\/uploads\/2025\/02\/dielinke-yt-abos_2025-01-25_21-28.avif\"><img loading=\"lazy\" decoding=\"async\" width=\"1024\" height=\"334\" src=\"https:\/\/u-labs.de\/portal\/wp-content\/uploads\/2025\/02\/dielinke-yt-abos_2025-01-25_21-28-1024x334.jpg\" alt=\"\" class=\"wp-image-14702\" srcset=\"https:\/\/u-labs.de\/portal\/wp-content\/uploads\/2025\/02\/dielinke-yt-abos_2025-01-25_21-28-1024x334.jpg 1024w, https:\/\/u-labs.de\/portal\/wp-content\/uploads\/2025\/02\/dielinke-yt-abos_2025-01-25_21-28-300x98.jpg 300w, https:\/\/u-labs.de\/portal\/wp-content\/uploads\/2025\/02\/dielinke-yt-abos_2025-01-25_21-28-768x250.jpg 768w, https:\/\/u-labs.de\/portal\/wp-content\/uploads\/2025\/02\/dielinke-yt-abos_2025-01-25_21-28-640x209.jpg 640w, https:\/\/u-labs.de\/portal\/wp-content\/uploads\/2025\/02\/dielinke-yt-abos_2025-01-25_21-28-522x170.jpg 522w, https:\/\/u-labs.de\/portal\/wp-content\/uploads\/2025\/02\/dielinke-yt-abos_2025-01-25_21-28.avif 1298w\" sizes=\"auto, (max-width: 1024px) 100vw, 1024px\" \/><\/a><\/figure>\n<\/div>\n<p>Socialblade liefert ungef\u00e4hre Werte aus der Vergangenheit. Dies liegt an YouTube: Bei gr\u00f6\u00dferen Kan\u00e4len werden z.B. die Abonnenten nicht exakt angezeigt. Sondern aufgerundet, wie die 56.200 auf dem obigen Bildschirmfoto. Allerdings kann man das in diesen Dimensionen vernachl\u00e4ssigen, der Trend ist eindeutig. Alleine in den letzten Tagen gewann der Kanal mehrere tausend Abonnenten t\u00e4glich und hat damit am 20.02.2025 die magische Marke von 100.000 erreicht. Dazu erzielen die Videos mindestens 500.000 neue Aufrufe pro Tag. <\/p>\n<div class=\"wp-block-image\">\n<figure class=\"aligncenter size-full\"><a href=\"https:\/\/u-labs.de\/portal\/wp-content\/uploads\/2025\/02\/dielinke-yt-socialblade_2025-02-20_22-06.avif\"><img loading=\"lazy\" decoding=\"async\" width=\"528\" height=\"372\" src=\"https:\/\/u-labs.de\/portal\/wp-content\/uploads\/2025\/02\/dielinke-yt-socialblade_2025-02-20_22-06.avif\" alt=\"\" class=\"wp-image-14703\" srcset=\"https:\/\/u-labs.de\/portal\/wp-content\/uploads\/2025\/02\/dielinke-yt-socialblade_2025-02-20_22-06.avif 528w, https:\/\/u-labs.de\/portal\/wp-content\/uploads\/2025\/02\/dielinke-yt-socialblade_2025-02-20_22-06-300x211.jpg 300w, https:\/\/u-labs.de\/portal\/wp-content\/uploads\/2025\/02\/dielinke-yt-socialblade_2025-02-20_22-06-511x360.jpg 511w, https:\/\/u-labs.de\/portal\/wp-content\/uploads\/2025\/02\/dielinke-yt-socialblade_2025-02-20_22-06-241x170.jpg 241w\" sizes=\"auto, (max-width: 528px) 100vw, 528px\" \/><\/a><\/figure>\n<\/div>\n<p>Wahrscheinlich d\u00fcrfte das extreme Wachstum mindestens bis zur Bundestagswahl am 23.02.2025 weiter gehen. Selbst wenn es danach sinkt, profitiert die Partei weiterhin von ihrer neu gewonnenen Reichweite. Die Linke liegt damit klar vorne, selbst Populisten werden \u00fcberholt. Schaut man beispielsweise bei der CDU, erzielt ihr Kanal lediglich ein paar zehntausend Aufrufe pro Tag. Und 100 neue Abonnenten alle paar Tage.<\/p>\n<div class=\"wp-block-image\">\n<figure class=\"aligncenter size-full\"><a href=\"https:\/\/u-labs.de\/portal\/wp-content\/uploads\/2025\/02\/socialblade-cdu.avif\"><img loading=\"lazy\" decoding=\"async\" width=\"532\" height=\"371\" src=\"https:\/\/u-labs.de\/portal\/wp-content\/uploads\/2025\/02\/socialblade-cdu.avif\" alt=\"\" class=\"wp-image-14707\" srcset=\"https:\/\/u-labs.de\/portal\/wp-content\/uploads\/2025\/02\/socialblade-cdu.avif 532w, https:\/\/u-labs.de\/portal\/wp-content\/uploads\/2025\/02\/socialblade-cdu-300x209.jpg 300w, https:\/\/u-labs.de\/portal\/wp-content\/uploads\/2025\/02\/socialblade-cdu-516x360.jpg 516w, https:\/\/u-labs.de\/portal\/wp-content\/uploads\/2025\/02\/socialblade-cdu-244x170.jpg 244w\" sizes=\"auto, (max-width: 532px) 100vw, 532px\" \/><\/a><\/figure>\n<\/div>\n<p>Zum Vergleich: So sah der Kanal am 25.01.2025 aus. Hier hatte das Wachstum bereits begonnen. Allerdings noch weniger stark, als in den letzten Wochen.<\/p>\n<div class=\"wp-block-image\">\n<figure class=\"aligncenter size-full\"><a href=\"https:\/\/u-labs.de\/portal\/wp-content\/uploads\/2025\/02\/2025-01-25_21-28-cut.avif\"><img loading=\"lazy\" decoding=\"async\" width=\"524\" height=\"206\" src=\"https:\/\/u-labs.de\/portal\/wp-content\/uploads\/2025\/02\/2025-01-25_21-28-cut.avif\" alt=\"\" class=\"wp-image-14714\" srcset=\"https:\/\/u-labs.de\/portal\/wp-content\/uploads\/2025\/02\/2025-01-25_21-28-cut.avif 524w, https:\/\/u-labs.de\/portal\/wp-content\/uploads\/2025\/02\/2025-01-25_21-28-cut-300x118.jpg 300w, https:\/\/u-labs.de\/portal\/wp-content\/uploads\/2025\/02\/2025-01-25_21-28-cut-432x170.jpg 432w\" sizes=\"auto, (max-width: 524px) 100vw, 524px\" \/><\/a><\/figure>\n<\/div>\n<h3 class=\"wp-block-heading\">Eigene Kan\u00e4le sowie Redezeit gezielt nutzen<\/h3>\n<p>Hinzu kommt, dass Heidi Reichinnek ebenfalls eine gro\u00dfe Reichweite \u00fcber ihre eigenen Kan\u00e4le aufgebaut hat: Auf TikTok folgen ihr derzeit 533.700 Menschen, bei Instagram sind es 408.000. Ihre Videos erreichen ein Millionenpublikum.<\/p>\n<div class=\"wp-block-image\">\n<figure class=\"aligncenter size-full\"><a href=\"https:\/\/u-labs.de\/portal\/wp-content\/uploads\/2025\/02\/heidi-reichinnek-tiktok.avif\"><img loading=\"lazy\" decoding=\"async\" width=\"779\" height=\"233\" src=\"https:\/\/u-labs.de\/portal\/wp-content\/uploads\/2025\/02\/heidi-reichinnek-tiktok.avif\" alt=\"\" class=\"wp-image-14678\" srcset=\"https:\/\/u-labs.de\/portal\/wp-content\/uploads\/2025\/02\/heidi-reichinnek-tiktok.avif 779w, https:\/\/u-labs.de\/portal\/wp-content\/uploads\/2025\/02\/heidi-reichinnek-tiktok-300x90.jpg 300w, https:\/\/u-labs.de\/portal\/wp-content\/uploads\/2025\/02\/heidi-reichinnek-tiktok-768x230.jpg 768w, https:\/\/u-labs.de\/portal\/wp-content\/uploads\/2025\/02\/heidi-reichinnek-tiktok-640x191.jpg 640w, https:\/\/u-labs.de\/portal\/wp-content\/uploads\/2025\/02\/heidi-reichinnek-tiktok-568x170.jpg 568w\" sizes=\"auto, (max-width: 779px) 100vw, 779px\" \/><\/a><\/figure>\n<\/div>\n<p>Auch au\u00dferhalb der eigenen Kan\u00e4le sorgt man f\u00fcr Aufmerksamkeit: Die Gruppenvorsitzende Heidi Reichinnek ging mit ihrer Rede im Bundestag vom 29.01.2025 viral.<sup data-fn=\"d7dd6099-576a-43db-a7dc-6030b8068ac0\" class=\"fn\"><a href=\"#d7dd6099-576a-43db-a7dc-6030b8068ac0\" id=\"d7dd6099-576a-43db-a7dc-6030b8068ac0-link\">11<\/a><\/sup> Darin zeigte sie sich stark emp\u00f6rt \u00fcber die Abstimmung der CDU &amp; FDP mit der AfD. Dazu ruft sie zum Widerstand gegen den Faschismus auf. Durch solche emotionalen, klaren \u00c4u\u00dferungen bekennt sich die Linke klar gegen den rechten Rand. Und holt damit glaubhaft W\u00e4hler ab, die von der st\u00fcrzenden Brandmauer rechter Parteien entt\u00e4uscht sind.<\/p>\n<p>Wer die Linke kennt, wird von dieser Haltung zwar wenig \u00fcberrascht sein. Doch die Partei war zu ruhig. Sie braucht die R\u00fcckkehr in den medialen Fokus, um ihre klaren Positionen deutlich zu machen. So kommt man zur\u00fcck ins Ged\u00e4chtnis fr\u00fcherer W\u00e4hler und gewinnt neue hinzu, die diese Partei bislang durch ihre geringe Pr\u00e4senz kaum wahrgenommen haben.<\/p>\n<h3 class=\"wp-block-heading\">Gerechtigkeit: Den Menschen mit Technik im Alltag helfen, Geld zu sparen<\/h3>\n<p>Doch die Linke geht noch deutlich weiter. Sie brachte im November 2024 die Webseite Mietwucher-Check online. Mieter k\u00f6nnen nach Eingabe ihrer Daten berechnen lassen, ob sie eine \u00fcberh\u00f6hte Miete bezahlen. Das ist der Fall, wenn sie mehr als 20% \u00fcber der orts\u00fcblichen Vergleichsmiete liegen.<sup data-fn=\"8af830d1-6bf4-4903-ab26-63c8e4381c78\" class=\"fn\"><a href=\"#8af830d1-6bf4-4903-ab26-63c8e4381c78\" id=\"8af830d1-6bf4-4903-ab26-63c8e4381c78-link\">12<\/a><\/sup> Auf W\u00fcnsch l\u00e4sst sich eine Meldung beim zust\u00e4ndigen Amt durchf\u00fchren. Das kann sich lohnen: Neben einer Strafe f\u00fcr den Vermieter sind Mietsenkungen eben so m\u00f6glich, wie die R\u00fcckforderung von Teilzahlungen.<\/p>\n<p>Bereits nach 11 Wochen hatten rund 68.500 Mieter die Seite genutzt. Mit beachtlichem Ergebnis: Bei gut 48.500 F\u00e4llen zahlten sie mehr als 20% des \u00f6rtlichen Mietspiegels. Rund 27.500 gar 50% zu viel, womit sich der Vermieter im Bereich einer Straftat bewegen kann.<sup data-fn=\"e6f0cc26-39c4-4236-8cf0-5c4698a1d352\" class=\"fn\"><a href=\"#e6f0cc26-39c4-4236-8cf0-5c4698a1d352\" id=\"e6f0cc26-39c4-4236-8cf0-5c4698a1d352-link\">13<\/a><\/sup> Die Linke hatte bereits Mitte 2024 eine kleine Anfrage an die Bundesregierung gestellt. Sie zeigte, dass die Mieten nach den Gro\u00dfst\u00e4dten inzwischen auch in l\u00e4ndlicheren Regionen stark zeigen &#8211; teils um weit \u00fcber 20%. Immer weniger Menschen k\u00f6nnen sich das leisten. Alleine 1\/3 der Berliner hat nicht die finanziellen Mittel f\u00fcr eine Wohnung. Mehr als die H\u00e4lfte der dortigen Mieter sind auf staatliche Hilfe angewiesen, damit ihr Einkommen f\u00fcr die Miete reicht.<sup data-fn=\"895ae8e1-d726-4d5b-a780-0835850ff349\" class=\"fn\"><a href=\"#895ae8e1-d726-4d5b-a780-0835850ff349\" id=\"895ae8e1-d726-4d5b-a780-0835850ff349-link\">14<\/a><\/sup><\/p>\n<div class=\"wp-block-image\">\n<figure class=\"aligncenter size-full\"><a href=\"https:\/\/u-labs.de\/portal\/wp-content\/uploads\/2025\/02\/linke-nebenkosten-check.avif\"><img loading=\"lazy\" decoding=\"async\" width=\"712\" height=\"500\" src=\"https:\/\/u-labs.de\/portal\/wp-content\/uploads\/2025\/02\/linke-nebenkosten-check.avif\" alt=\"\" class=\"wp-image-14684\" srcset=\"https:\/\/u-labs.de\/portal\/wp-content\/uploads\/2025\/02\/linke-nebenkosten-check.avif 712w, https:\/\/u-labs.de\/portal\/wp-content\/uploads\/2025\/02\/linke-nebenkosten-check-300x211.jpg 300w, https:\/\/u-labs.de\/portal\/wp-content\/uploads\/2025\/02\/linke-nebenkosten-check-513x360.jpg 513w, https:\/\/u-labs.de\/portal\/wp-content\/uploads\/2025\/02\/linke-nebenkosten-check-242x170.jpg 242w\" sizes=\"auto, (max-width: 712px) 100vw, 712px\" \/><\/a><\/figure>\n<\/div>\n<p>Im Dezember 2024 folgte eine \u00e4hnliche Aktion f\u00fcr die Heizkosten. Ist die Nebenkostenabrechnung falsch, k\u00f6nnen Mieter 10% ihrer Kosten f\u00fcrs Heizen und die Warmwasseraufbereitung zur\u00fcckverlangen. Die Linke macht nicht nur darauf aufmerksam, sondern bietet auch eine kostenfreie \u00dcberpr\u00fcfung an.<sup data-fn=\"6847bcd8-3940-41f9-a2c1-4d9388df0ac0\" class=\"fn\"><a href=\"#6847bcd8-3940-41f9-a2c1-4d9388df0ac0\" id=\"6847bcd8-3940-41f9-a2c1-4d9388df0ac0-link\">15<\/a><\/sup><\/p>\n<h3 class=\"wp-block-heading\">Drei Silberlocken helfen erfolgreich mit<\/h3>\n<p>Obwohl sich vieles in der Partei in kurzer Zeit ver\u00e4ndert hat, bleiben auch bekannte Gesichter: Gregor Gysi (77 Jahre), Bodo Ramelow (69 Jahre) und Dietmar Bartsch (66 Jahre) geh\u00f6ren zu den bekanntesten Gesichtern. Trotz ihres hohen Alters bleiben die drei weder stehen, noch halten sie sich raus. Stattdessen treten sie selbstironisch als <em>Silberlocken<\/em> im Wahlkampf auf.<sup data-fn=\"864ab0c0-c226-4161-ab22-ce98209aaec6\" class=\"fn\"><a href=\"#864ab0c0-c226-4161-ab22-ce98209aaec6\" id=\"864ab0c0-c226-4161-ab22-ce98209aaec6-link\">16<\/a><\/sup><\/p>\n<div class=\"wp-block-image\">\n<figure class=\"aligncenter size-full\"><a href=\"https:\/\/u-labs.de\/portal\/wp-content\/uploads\/2025\/02\/silberlocken-xs.avif\"><img loading=\"lazy\" decoding=\"async\" width=\"647\" height=\"500\" src=\"https:\/\/u-labs.de\/portal\/wp-content\/uploads\/2025\/02\/silberlocken-xs.avif\" alt=\"\" class=\"wp-image-14675\" srcset=\"https:\/\/u-labs.de\/portal\/wp-content\/uploads\/2025\/02\/silberlocken-xs.avif 647w, https:\/\/u-labs.de\/portal\/wp-content\/uploads\/2025\/02\/silberlocken-xs-300x232.jpg 300w, https:\/\/u-labs.de\/portal\/wp-content\/uploads\/2025\/02\/silberlocken-xs-466x360.jpg 466w, https:\/\/u-labs.de\/portal\/wp-content\/uploads\/2025\/02\/silberlocken-xs-220x170.jpg 220w\" sizes=\"auto, (max-width: 647px) 100vw, 647px\" \/><\/a><\/figure>\n<\/div>\n<p>Sie nehmen den Wahlkampf ernst und wollen die Mehrheit der Menschen mit geringen sowie mittleren Einkommen entlasten. Statt der Mitte sollen die reichen 1% mehr Abgaben leisten. Gregor Gysi betonte im NTV Kreuzverh\u00f6r etwa: &#8222;Nicht nach unten gucken &#8211; nach oben gucken, die verdienen zu viel!&#8220;.<sup data-fn=\"1f89f594-245d-45a7-9afc-c668c082c718\" class=\"fn\"><a href=\"#1f89f594-245d-45a7-9afc-c668c082c718\" id=\"1f89f594-245d-45a7-9afc-c668c082c718-link\">17<\/a><\/sup><\/p>\n<p>Zusammen mit Humor kommt das offensichtlich sehr gut bei den Menschen an, sie \u00fcberrennen die Veranstaltungen regelrecht. Anfang Februar gingen die drei Silberlocken viral, wie sie auf dem Podest einer Ampel vor gro\u00dfen Mengenmengen sprechen. Das bei der Linksjugend Dresden ver\u00f6ffentlichte Video entstand, weil die drei Politiker zu einer Wahlkampfveranstaltung dort waren. Es kamen jedoch weit mehr Menschen, als erwartet. Sie entschuldigten sich daher bei den vielen Menschen, die drau\u00dfen standen und nicht hinein gelassen werden konnten.<sup data-fn=\"8f1400b8-0543-4bc9-a308-f9ab4787b5bb\" class=\"fn\"><a href=\"#8f1400b8-0543-4bc9-a308-f9ab4787b5bb\" id=\"8f1400b8-0543-4bc9-a308-f9ab4787b5bb-link\">18<\/a><\/sup><\/p>\n<div class=\"wp-block-image\">\n<figure class=\"aligncenter size-full\"><a href=\"https:\/\/u-labs.de\/portal\/wp-content\/uploads\/2025\/02\/linksjugend-dresden_silberlocken-ampel.avif\"><img loading=\"lazy\" decoding=\"async\" width=\"368\" height=\"600\" src=\"https:\/\/u-labs.de\/portal\/wp-content\/uploads\/2025\/02\/linksjugend-dresden_silberlocken-ampel.avif\" alt=\"\" class=\"wp-image-14676\" srcset=\"https:\/\/u-labs.de\/portal\/wp-content\/uploads\/2025\/02\/linksjugend-dresden_silberlocken-ampel.avif 368w, https:\/\/u-labs.de\/portal\/wp-content\/uploads\/2025\/02\/linksjugend-dresden_silberlocken-ampel-184x300.jpg 184w, https:\/\/u-labs.de\/portal\/wp-content\/uploads\/2025\/02\/linksjugend-dresden_silberlocken-ampel-221x360.jpg 221w, https:\/\/u-labs.de\/portal\/wp-content\/uploads\/2025\/02\/linksjugend-dresden_silberlocken-ampel-104x170.jpg 104w\" sizes=\"auto, (max-width: 368px) 100vw, 368px\" \/><\/a><\/figure>\n<\/div>\n<h2 class=\"wp-block-heading\">Die Linke wird \u00fcberrannt &#8211; hier ist sie sogar beliebteste Partei<\/h2>\n<p>Wie extrem sich das Blatt gewandelt hat, wird beim Blick auf die Mitgliedszahlen deutlich. In den letzten Monaten kamen zehntausend neue hinzu, sodass die Linke mittlerweile \u00fcber 81.000 Mitglieder besitzt (Februar 2025). Damit hat sie ihren bisherigen Rekord von 78.000 aus dem Jahre 2009 bereits \u00fcberschritten.<sup data-fn=\"2da691c8-5c2c-4bef-b0a8-0d77f10c0820\" class=\"fn\"><a href=\"#2da691c8-5c2c-4bef-b0a8-0d77f10c0820\" id=\"2da691c8-5c2c-4bef-b0a8-0d77f10c0820-link\">19<\/a><\/sup><\/p>\n<p>Beeindruckend ist das Stimmungsbild bei den j\u00fcngeren W\u00e4hlern. Unter den 18 &#8211; 29 J\u00e4hrigen ist die Linke mit 19% ganz vorne dabei.<sup data-fn=\"cf89fc97-c174-4866-bc58-0b69ab58701d\" class=\"fn\"><a href=\"#cf89fc97-c174-4866-bc58-0b69ab58701d\" id=\"cf89fc97-c174-4866-bc58-0b69ab58701d-link\">20<\/a><\/sup> Noch besser schneidet sie unter den Umfragen der unter 18 J\u00e4hrigen ab. Hier liegt die Partei mit 20,8% alleine auf dem ersten Platz, gefolgt von SPD (17,9%) und Union (15,7%).<sup data-fn=\"d6049e01-8d81-47d7-84e5-6d93a0e34962\" class=\"fn\"><a href=\"#d6049e01-8d81-47d7-84e5-6d93a0e34962\" id=\"d6049e01-8d81-47d7-84e5-6d93a0e34962-link\">21<\/a><\/sup><\/p>\n<div class=\"wp-block-image\">\n<figure class=\"aligncenter size-full\"><a href=\"https:\/\/u-labs.de\/portal\/wp-content\/uploads\/2025\/02\/parteien_18-29j.avif\"><img loading=\"lazy\" decoding=\"async\" width=\"679\" height=\"342\" src=\"https:\/\/u-labs.de\/portal\/wp-content\/uploads\/2025\/02\/parteien_18-29j.avif\" alt=\"\" class=\"wp-image-14699\" srcset=\"https:\/\/u-labs.de\/portal\/wp-content\/uploads\/2025\/02\/parteien_18-29j.avif 679w, https:\/\/u-labs.de\/portal\/wp-content\/uploads\/2025\/02\/parteien_18-29j-300x151.jpg 300w, https:\/\/u-labs.de\/portal\/wp-content\/uploads\/2025\/02\/parteien_18-29j-640x322.jpg 640w, https:\/\/u-labs.de\/portal\/wp-content\/uploads\/2025\/02\/parteien_18-29j-338x170.jpg 338w\" sizes=\"auto, (max-width: 679px) 100vw, 679px\" \/><\/a><\/figure>\n<\/div>\n<h2 class=\"wp-block-heading\">Fazit: W\u00e4hlt die endlich mal jemand?<\/h2>\n<p>Die Kernpunkte der Forderungen stehen schon l\u00e4nger im Wahlprogramm. Milliard\u00e4re m\u00f6chte die Linke schon lange abschaffen &#8211; und damit die wohl gr\u00f6\u00dfte Ungerechtigkeit in unserer Gesellschaft beseitigen. Das reichste Prozent der deutschen Bev\u00f6lkerung besitzt 35% des Gesamtverm\u00f6gens. 249 Menschen sind Multi-Milliard\u00e4re.<sup data-fn=\"5af8c15a-05ea-4038-a665-6ee0906ef957\" class=\"fn\"><a href=\"#5af8c15a-05ea-4038-a665-6ee0906ef957\" id=\"5af8c15a-05ea-4038-a665-6ee0906ef957-link\">22<\/a><\/sup> Warum lassen sich 99% das bieten und w\u00e4hlen gro\u00dfteils Parteien, die nicht mal Pl\u00e4ne haben, um das Leben f\u00fcr Unter- und Mittelschicht besser zu machen? Verstehe ich seit Jahren nicht.<\/p>\n<p>Stattdessen lassen sich viele zum blinden Nach-unten-Treten verleiten. Ein Beispiel: Die CDU will das B\u00fcrgergeld radikal umkrempeln. Wer eine zumutbare Lohnarbeit ablehnt, soll kein Geld mehr bekommen (&#8222;Totalverweigerer&#8220;).<sup data-fn=\"e4af4f77-a2fb-4bb9-b0c3-a4d42da1a9a5\" class=\"fn\"><a href=\"#e4af4f77-a2fb-4bb9-b0c3-a4d42da1a9a5\" id=\"e4af4f77-a2fb-4bb9-b0c3-a4d42da1a9a5-link\">23<\/a><\/sup> Bereits jetzt sind K\u00fcrzungen m\u00f6glich, allerdings nicht um 100%. Laut Arbeitsagentur betraf das 2023 gerade einmal 0,86% der arbeitsf\u00e4higen B\u00fcrgergeld-Empf\u00e4nger.<sup data-fn=\"b8963c5c-446a-49bc-b7a8-b9547e67bb9e\" class=\"fn\"><a href=\"#b8963c5c-446a-49bc-b7a8-b9547e67bb9e\" id=\"b8963c5c-446a-49bc-b7a8-b9547e67bb9e-link\">24<\/a><\/sup> Es wird auch mit anderen irref\u00fchrenden bis falschen Behauptungen gehetzt.<sup data-fn=\"e5292265-7a49-4520-a750-8189de040af9\" class=\"fn\"><a href=\"#e5292265-7a49-4520-a750-8189de040af9\" id=\"e5292265-7a49-4520-a750-8189de040af9-link\">25<\/a><\/sup> \u00c4hnlich beim Mindestlohn &#8211; der m\u00fcsse zusammen mit dem B\u00fcrgergeld niedrig bleiben, damit sich <em>Lohnarbeit lohne<\/em>. Verschwiegen wird etwa, dass der Abstand zum gro\u00dfen Niedriglohnsektor gemeint ist.<\/p>\n<div class=\"wp-block-image\">\n<figure class=\"aligncenter size-full\"><a href=\"https:\/\/u-labs.de\/portal\/wp-content\/uploads\/2025\/02\/veraenderung-brutto-40k.avif\"><img loading=\"lazy\" decoding=\"async\" width=\"561\" height=\"600\" src=\"https:\/\/u-labs.de\/portal\/wp-content\/uploads\/2025\/02\/veraenderung-brutto-40k.avif\" alt=\"\" class=\"wp-image-14689\" srcset=\"https:\/\/u-labs.de\/portal\/wp-content\/uploads\/2025\/02\/veraenderung-brutto-40k.avif 561w, https:\/\/u-labs.de\/portal\/wp-content\/uploads\/2025\/02\/veraenderung-brutto-40k-281x300.jpg 281w, https:\/\/u-labs.de\/portal\/wp-content\/uploads\/2025\/02\/veraenderung-brutto-40k-337x360.jpg 337w, https:\/\/u-labs.de\/portal\/wp-content\/uploads\/2025\/02\/veraenderung-brutto-40k-159x170.jpg 159w\" sizes=\"auto, (max-width: 561px) 100vw, 561px\" \/><\/a><figcaption class=\"wp-element-caption\">&#8222;Die Linke&#8220; will als einzige Partei Politik f\u00fcr die breite Masse machen<sup data-fn=\"81f61399-3df5-425e-84d3-433524875eba\" class=\"fn\"><a href=\"#81f61399-3df5-425e-84d3-433524875eba\" id=\"81f61399-3df5-425e-84d3-433524875eba-link\">26<\/a><\/sup> &#8211; das Medianeinkommen liegt bei 43.650\u20ac Brutto pro Jahr.<sup data-fn=\"fe13efbc-917e-4786-be89-53d552b83c79\" class=\"fn\"><a href=\"#fe13efbc-917e-4786-be89-53d552b83c79\" id=\"fe13efbc-917e-4786-be89-53d552b83c79-link\">27<\/a><\/sup><\/figcaption><\/figure>\n<\/div>\n<p>Warum wird nach unten getreten zu Leuten, die noch weniger haben? Das ist asozial und man selbst bekommt dadurch nicht einmal mehr. Schauen wir doch endlich mal zu denen, die bereits mehr Geld haben, als sie ausgeben k\u00f6nnen. <em>Ich bin nicht gegen Ferrari, ich bin f\u00fcr Ferrari f\u00fcr alle<\/em>.<sup data-fn=\"011c4d1f-5ecf-4e5d-b16d-014b9cb2841a\" class=\"fn\"><a href=\"#011c4d1f-5ecf-4e5d-b16d-014b9cb2841a\" id=\"011c4d1f-5ecf-4e5d-b16d-014b9cb2841a-link\">28<\/a><\/sup> F\u00fcr die anstehende Bundestagswahl am 23.02.2025 sollte jeder in sich gehen: Willst du mehr Hass, Hetze und Spaltung, als wir ohnehin bereits haben? Oder nicht besser etwas tun, um das Leben f\u00fcr alle besser zu machen und damit die Gesellschaft zu vereinen?<\/p>\n<p>Der politische Kompass zeigt ziemlich klar: Die politischen Parteien haben sich zunehmend in Richtung rechts und Autorit\u00e4r bewegt.<sup data-fn=\"9c3beb63-b538-4f60-8f69-2ae9b06b1b1d\" class=\"fn\"><a href=\"#9c3beb63-b538-4f60-8f69-2ae9b06b1b1d\" id=\"9c3beb63-b538-4f60-8f69-2ae9b06b1b1d-link\">29<\/a><\/sup> Selbst wer &#8211; warum auch immer &#8211; in keiner solidarischen Gesellschaft leben m\u00f6chte, braucht die Linke als letzte linke Gegenkraft f\u00fcr eine gesunde Demokratie. Selbiges w\u00fcrde auch f\u00fcr die Rechten (nicht Rechtsextremen!) gelten, falls diese in der Bedeutungslosigkeit versunken w\u00e4ren. Davon sind wir allerdings derzeit weit entfernt, sodass dies f\u00fcr die Bundestagswahl 2025 keine Relevanz hat.<\/p>\n<div class=\"wp-block-image\">\n<figure class=\"aligncenter size-full\"><a href=\"https:\/\/u-labs.de\/portal\/wp-content\/uploads\/2025\/02\/political-compass-2025.avif\"><img loading=\"lazy\" decoding=\"async\" width=\"585\" height=\"607\" src=\"https:\/\/u-labs.de\/portal\/wp-content\/uploads\/2025\/02\/political-compass-2025.avif\" alt=\"\" class=\"wp-image-14686\" srcset=\"https:\/\/u-labs.de\/portal\/wp-content\/uploads\/2025\/02\/political-compass-2025.avif 585w, https:\/\/u-labs.de\/portal\/wp-content\/uploads\/2025\/02\/political-compass-2025-289x300.jpg 289w, https:\/\/u-labs.de\/portal\/wp-content\/uploads\/2025\/02\/political-compass-2025-347x360.jpg 347w, https:\/\/u-labs.de\/portal\/wp-content\/uploads\/2025\/02\/political-compass-2025-164x170.jpg 164w\" sizes=\"auto, (max-width: 585px) 100vw, 585px\" \/><\/a><\/figure>\n<\/div>\n<h2 class=\"wp-block-heading\">Du bist dran: Gehe f\u00fcr eine bessere Zukunft w\u00e4hlen!<\/h2>\n<p>Selbst wer nicht die Zeit oder Lust hat, um Stundenlang die Parteiprogramme zu lesen, kann Webanwendungen wie den Wahl-O-Mat benutzen. Hier sieht man in wenigen Minuten, welche Parteien am ehesten zu den eigenen Vorstellungen passen. \u00dcberhaupt nicht zu w\u00e4hlen ist das schlechteste, was man in einer Demokratie tun kann: Das \u00fcberl\u00e4sst Entscheidungen, die uns alle betreffen, den anderen. Im Zweifel sind das Extremisten, die ihre eigenen <em>Vorstellungen<\/em> haben. Demokratien sind keine Selbstl\u00e4ufer. Sie leben von Menschen, die sich aktiv an ihr beteiligen &#8211; dazu z\u00e4hlt mindestens alle 4 Jahre w\u00e4hlen zu gehen.<\/p>\n<p>Wer in der Demokratie schl\u00e4ft, wacht in einer Diktatur wieder auf. Selbst wer Diktatoren wenig abgeneigt ist, wird sich umschauen, sobald dieser nicht mehr im eigenen Sinne entscheidet. Doch dann kann ihn niemand mehr abw\u00e4hlen. Zwar mag auch unser demokratisches System seine Schw\u00e4chen haben. Der britische Premierminister Winston Churchill brachte es treffend auf den Punkt:<\/p>\n<blockquote class=\"wp-block-quote is-layout-flow wp-block-quote-is-layout-flow\">\n<p>Demokratie ist die schlechteste Staatsform \u2013 mit Ausnahme aller anderen.<\/p>\n<\/blockquote>\n<p>\u00dcberlege daher weise. Konservativ oder gar rechtsextrem hatten wir beides schon und hat sich nicht bew\u00e4hrt. Dass wir z.B. bei der Digitalisierung abgeh\u00e4ngt sind, haben ma\u00dfgeblich die konservativ gepr\u00e4gten Regierungen der letzten Jahrzehnte zu verantworten. Damit bekommen wir weder schnelles, fl\u00e4chendeckendes Internet. Noch wird unser Land fit f\u00fcr die Zukunft. Wer unbedingt Protestw\u00e4hlen m\u00f6chte, der findet genug Auswahl an weniger gef\u00e4hrlichen Parteien. Beispielsweise der Satirepartei &#8222;Die Partei&#8220;. In diesem Sinne: Bis zum 23.02.2025 an der Wahlurne!<\/p>\n<h2 class=\"wp-block-heading\">Quellen<\/h2>\n<ol class=\"wp-block-footnotes\">\n<li id=\"9335e564-b858-4448-a511-67ea1bae23b1\"><a href=\"https:\/\/www.faz.net\/aktuell\/politik\/bundestagswahl\/wahl-die-linke-darf-dank-dreier-direktmandate-in-den-bundestag-17557074.html\" target=\"_blank\" rel=\"nofollow\">https:\/\/www.faz.net\/aktuell\/politik\/bundestagswahl\/wahl-die-linke-darf-dank-dreier-direktmandate-in-den-bundestag-17557074.html<\/a> <a href=\"#9335e564-b858-4448-a511-67ea1bae23b1-link\" aria-label=\"Zur Fu\u00dfnotenreferenz 1 navigieren\">\u21a9\ufe0e<\/a><\/li>\n<li id=\"87654a73-e9c2-43a2-b738-be2b70531013\"><a href=\"https:\/\/www.rbb24.de\/politik\/beitrag\/2024\/10\/ines-schwerdtner-jan-van-aken-neue-linke-vorsitzende-vorsitzende.html\" target=\"_blank\" rel=\"nofollow\">https:\/\/www.rbb24.de\/politik\/beitrag\/2024\/10\/ines-schwerdtner-jan-van-aken-neue-linke-vorsitzende-vorsitzende.html<\/a> <a href=\"#87654a73-e9c2-43a2-b738-be2b70531013-link\" aria-label=\"Zur Fu\u00dfnotenreferenz 2 navigieren\">\u21a9\ufe0e<\/a><\/li>\n<li id=\"203c0b21-808a-4ae6-a0d1-d618bf9772b3\"><a href=\"https:\/\/www.bundestag.de\/parlament\/bundestagswahl\/fristen-1021210\" target=\"_blank\" rel=\"nofollow\">https:\/\/www.bundestag.de\/parlament\/bundestagswahl\/fristen-1021210<\/a> <a href=\"#203c0b21-808a-4ae6-a0d1-d618bf9772b3-link\" aria-label=\"Zur Fu\u00dfnotenreferenz 3 navigieren\">\u21a9\ufe0e<\/a><\/li>\n<li id=\"6ec82166-2add-4448-b6bb-c8ca9ec4d9ed\"><a href=\"https:\/\/dawum.de\/Bundestag\/INSA\/2025-01-05\/\" target=\"_blank\" rel=\"nofollow\">https:\/\/dawum.de\/Bundestag\/INSA\/2025-01-05\/<\/a> <a href=\"#6ec82166-2add-4448-b6bb-c8ca9ec4d9ed-link\" aria-label=\"Zur Fu\u00dfnotenreferenz 4 navigieren\">\u21a9\ufe0e<\/a><\/li>\n<li id=\"7150e3b4-f07d-4fce-b2db-09d1f57867f6\"><a href=\"https:\/\/dawum.de\/Bundestag\/\" target=\"_blank\" rel=\"nofollow\">https:\/\/dawum.de\/Bundestag\/<\/a> <a href=\"#7150e3b4-f07d-4fce-b2db-09d1f57867f6-link\" aria-label=\"Zur Fu\u00dfnotenreferenz 5 navigieren\">\u21a9\ufe0e<\/a><\/li>\n<li id=\"c3e73f09-7bfd-4a9b-bc14-fc22f4c8cc75\"><a href=\"https:\/\/www.teambank.de\/medien\/presse\/deutsche-verfugen-nur-uber-geringe-rucklagen-2\/\" target=\"_blank\" rel=\"nofollow\">https:\/\/www.teambank.de\/medien\/presse\/deutsche-verfugen-nur-uber-geringe-rucklagen-2\/<\/a> <a href=\"#c3e73f09-7bfd-4a9b-bc14-fc22f4c8cc75-link\" aria-label=\"Zur Fu\u00dfnotenreferenz 6 navigieren\">\u21a9\ufe0e<\/a><\/li>\n<li id=\"b4ae5fbb-4f5f-4338-80d4-747b38edefc9\"><a href=\"https:\/\/dielinke.berlin\/presse\/detail\/alle-reden-wir-hoeren-zu-berliner-linke-klopft-an-ueber-130000-haustueren\/\" target=\"_blank\" rel=\"nofollow\">https:\/\/dielinke.berlin\/presse\/detail\/alle-reden-wir-hoeren-zu-berliner-linke-klopft-an-ueber-130000-haustueren\/<\/a> <a href=\"#b4ae5fbb-4f5f-4338-80d4-747b38edefc9-link\" aria-label=\"Zur Fu\u00dfnotenreferenz 7 navigieren\">\u21a9\ufe0e<\/a><\/li>\n<li id=\"9653ab4d-81b7-47aa-a4b9-a6ab3e7af242\"><a href=\"https:\/\/www.zdf.de\/nachrichten\/politik\/deutschland\/linken-vorsitzende-schwerdtner-van-aken-gehalt-spende-100.html\" target=\"_blank\" rel=\"nofollow\">https:\/\/www.zdf.de\/nachrichten\/politik\/deutschland\/linken-vorsitzende-schwerdtner-van-aken-gehalt-spende-100.html<\/a> <a href=\"#9653ab4d-81b7-47aa-a4b9-a6ab3e7af242-link\" aria-label=\"Zur Fu\u00dfnotenreferenz 8 navigieren\">\u21a9\ufe0e<\/a><\/li>\n<li id=\"0d29fc15-e8c7-4e68-a681-390eccd5d799\"><a href=\"https:\/\/www.youtube.com\/@DIELINKE\/videos\" target=\"_blank\" rel=\"nofollow\">https:\/\/www.youtube.com\/@DIELINKE\/videos<\/a> <a href=\"#0d29fc15-e8c7-4e68-a681-390eccd5d799-link\" aria-label=\"Zur Fu\u00dfnotenreferenz 9 navigieren\">\u21a9\ufe0e<\/a><\/li>\n<li id=\"54127e5d-52fc-4521-8aa6-f1f965548a07\"><a href=\"https:\/\/socialblade.com\/youtube\/user\/dielinke\/monthly\" target=\"_blank\" rel=\"nofollow\">https:\/\/socialblade.com\/youtube\/user\/dielinke\/monthly<\/a> <a href=\"#54127e5d-52fc-4521-8aa6-f1f965548a07-link\" aria-label=\"Zur Fu\u00dfnotenreferenz 10 navigieren\">\u21a9\ufe0e<\/a><\/li>\n<li id=\"d7dd6099-576a-43db-a7dc-6030b8068ac0\"><a href=\"https:\/\/www.bundestag.de\/mediathek?videoid=7628597#url=L21lZGlhdGhla292ZXJsYXk\/dmlkZW9pZD03NjI4NTk3&amp;mod=mediathek\" target=\"_blank\" rel=\"nofollow\">https:\/\/www.bundestag.de\/mediathek?videoid=7628597#url=L21lZGlhdGhla292ZXJsYXk\/dmlkZW9pZD03NjI4NTk3&amp;mod=mediathek<\/a> <a href=\"#d7dd6099-576a-43db-a7dc-6030b8068ac0-link\" aria-label=\"Zur Fu\u00dfnotenreferenz 11 navigieren\">\u21a9\ufe0e<\/a><\/li>\n<li id=\"8af830d1-6bf4-4903-ab26-63c8e4381c78\"><a href=\"https:\/\/www.linksfraktionsachsen.de\/presse\/detail\/juliane-nagel-linke-mietwucher-app-macht-ueberhoehte-mietpreis-faelle-sichtbar-ahndung-von-ueberhoehungen-vereinfachen\/\" target=\"_blank\" rel=\"nofollow\">https:\/\/www.linksfraktionsachsen.de\/presse\/detail\/juliane-nagel-linke-mietwucher-app-macht-ueberhoehte-mietpreis-faelle-sichtbar-ahndung-von-ueberhoehungen-vereinfachen\/<\/a> <a href=\"#8af830d1-6bf4-4903-ab26-63c8e4381c78-link\" aria-label=\"Zur Fu\u00dfnotenreferenz 12 navigieren\">\u21a9\ufe0e<\/a><\/li>\n<li id=\"e6f0cc26-39c4-4236-8cf0-5c4698a1d352\"><a href=\"https:\/\/taz.de\/App-gegen-Mietwucher\/!6065703\/\" target=\"_blank\" rel=\"nofollow\">https:\/\/taz.de\/App-gegen-Mietwucher\/!6065703\/<\/a> <a href=\"#e6f0cc26-39c4-4236-8cf0-5c4698a1d352-link\" aria-label=\"Zur Fu\u00dfnotenreferenz 13 navigieren\">\u21a9\ufe0e<\/a><\/li>\n<li id=\"895ae8e1-d726-4d5b-a780-0835850ff349\"><a href=\"https:\/\/www.spiegel.de\/wirtschaft\/immobilien-wo-die-mieten-in-deutschland-am-staerksten-steigen-a-20699960-1598-42bf-ac91-e2b4fa9b0c1d\" target=\"_blank\" rel=\"nofollow\">https:\/\/www.spiegel.de\/wirtschaft\/immobilien-wo-die-mieten-in-deutschland-am-staerksten-steigen-a-20699960-1598-42bf-ac91-e2b4fa9b0c1d<\/a> <a href=\"#895ae8e1-d726-4d5b-a780-0835850ff349-link\" aria-label=\"Zur Fu\u00dfnotenreferenz 14 navigieren\">\u21a9\ufe0e<\/a><\/li>\n<li id=\"6847bcd8-3940-41f9-a2c1-4d9388df0ac0\"><a href=\"https:\/\/www.die-linke.de\/start\/presse\/detail\/die-linke-startet-heizkosten-aktion\/\" target=\"_blank\" rel=\"nofollow\">https:\/\/www.die-linke.de\/start\/presse\/detail\/die-linke-startet-heizkosten-aktion\/<\/a> <a href=\"#6847bcd8-3940-41f9-a2c1-4d9388df0ac0-link\" aria-label=\"Zur Fu\u00dfnotenreferenz 15 navigieren\">\u21a9\ufe0e<\/a><\/li>\n<li id=\"864ab0c0-c226-4161-ab22-ce98209aaec6\"><a href=\"https:\/\/www.dielinke-rostock.de\/presse\/detail\/silberlocken-in-rostock\/\" target=\"_blank\" rel=\"nofollow\">https:\/\/www.dielinke-rostock.de\/presse\/detail\/silberlocken-in-rostock\/<\/a> <a href=\"#864ab0c0-c226-4161-ab22-ce98209aaec6-link\" aria-label=\"Zur Fu\u00dfnotenreferenz 16 navigieren\">\u21a9\ufe0e<\/a><\/li>\n<li id=\"1f89f594-245d-45a7-9afc-c668c082c718\"><a href=\"https:\/\/www.youtube.com\/watch?v=JSKDMMXy5Pk\" target=\"_blank\" rel=\"nofollow\">https:\/\/www.youtube.com\/watch?v=JSKDMMXy5Pk<\/a> <a href=\"#1f89f594-245d-45a7-9afc-c668c082c718-link\" aria-label=\"Zur Fu\u00dfnotenreferenz 17 navigieren\">\u21a9\ufe0e<\/a><\/li>\n<li id=\"8f1400b8-0543-4bc9-a308-f9ab4787b5bb\"><a href=\"https:\/\/www.instagram.com\/p\/DFldsbcoMIA\/\" target=\"_blank\" rel=\"nofollow\">https:\/\/www.instagram.com\/p\/DFldsbcoMIA\/<\/a> <a href=\"#8f1400b8-0543-4bc9-a308-f9ab4787b5bb-link\" aria-label=\"Zur Fu\u00dfnotenreferenz 18 navigieren\">\u21a9\ufe0e<\/a><\/li>\n<li id=\"2da691c8-5c2c-4bef-b0a8-0d77f10c0820\"><a href=\"https:\/\/www.spiegel.de\/politik\/deutschland\/die-linke-erreicht-15-jahres-hoch-bei-mitgliederzahl-a-e5c793f0-d6c1-49f8-b8bb-c0284a68295b\" target=\"_blank\" rel=\"nofollow\">https:\/\/www.spiegel.de\/politik\/deutschland\/die-linke-erreicht-15-jahres-hoch-bei-mitgliederzahl-a-e5c793f0-d6c1-49f8-b8bb-c0284a68295b<\/a> <a href=\"#2da691c8-5c2c-4bef-b0a8-0d77f10c0820-link\" aria-label=\"Zur Fu\u00dfnotenreferenz 19 navigieren\">\u21a9\ufe0e<\/a><\/li>\n<li id=\"cf89fc97-c174-4866-bc58-0b69ab58701d\"><a href=\"https:\/\/www.stern.de\/politik\/deutschland\/umfrage-vor-bundestagswahl--linke-und-gruene-bei-jungen-am-beliebtesten-35459408.html\" target=\"_blank\" rel=\"nofollow\">https:\/\/www.stern.de\/politik\/deutschland\/umfrage-vor-bundestagswahl&#8211;linke-und-gruene-bei-jungen-am-beliebtesten-35459408.html<\/a> <a href=\"#cf89fc97-c174-4866-bc58-0b69ab58701d-link\" aria-label=\"Zur Fu\u00dfnotenreferenz 20 navigieren\">\u21a9\ufe0e<\/a><\/li>\n<li id=\"d6049e01-8d81-47d7-84e5-6d93a0e34962\"><a href=\"https:\/\/www.tagesschau.de\/inland\/bundestagswahl\/startseite\/junge-waehler-108.html\" target=\"_blank\" rel=\"nofollow\">https:\/\/www.tagesschau.de\/inland\/bundestagswahl\/startseite\/junge-waehler-108.html<\/a> <a href=\"#d6049e01-8d81-47d7-84e5-6d93a0e34962-link\" aria-label=\"Zur Fu\u00dfnotenreferenz 21 navigieren\">\u21a9\ufe0e<\/a><\/li>\n<li id=\"5af8c15a-05ea-4038-a665-6ee0906ef957\"><a href=\"https:\/\/taz.de\/Einfuehrung-einer-Milliardaerssteuer\/!6069159\/\" target=\"_blank\" rel=\"nofollow\">https:\/\/taz.de\/Einfuehrung-einer-Milliardaerssteuer\/!6069159\/<\/a> <a href=\"#5af8c15a-05ea-4038-a665-6ee0906ef957-link\" aria-label=\"Zur Fu\u00dfnotenreferenz 22 navigieren\">\u21a9\ufe0e<\/a><\/li>\n<li id=\"e4af4f77-a2fb-4bb9-b0c3-a4d42da1a9a5\"><a href=\"https:\/\/www.rnd.de\/politik\/cdu-will-buergergeld-abschaffen-keine-grundsicherung-fuer-totalverweigerer-DHF6VKIK4BPATCLFCCHFQDJJNM.html\" target=\"_blank\" rel=\"nofollow\">https:\/\/www.rnd.de\/politik\/cdu-will-buergergeld-abschaffen-keine-grundsicherung-fuer-totalverweigerer-DHF6VKIK4BPATCLFCCHFQDJJNM.html<\/a> <a href=\"#e4af4f77-a2fb-4bb9-b0c3-a4d42da1a9a5-link\" aria-label=\"Zur Fu\u00dfnotenreferenz 23 navigieren\">\u21a9\ufe0e<\/a><\/li>\n<li id=\"b8963c5c-446a-49bc-b7a8-b9547e67bb9e\"><a href=\"https:\/\/www.fr.de\/verbraucher\/statistik-zeigt-zahl-totalverweigerer-empfaenger-buergergeld-aktuelle-zr-92901745.html\" target=\"_blank\" rel=\"nofollow\">https:\/\/www.fr.de\/verbraucher\/statistik-zeigt-zahl-totalverweigerer-empfaenger-buergergeld-aktuelle-zr-92901745.html<\/a> <a href=\"#b8963c5c-446a-49bc-b7a8-b9547e67bb9e-link\" aria-label=\"Zur Fu\u00dfnotenreferenz 24 navigieren\">\u21a9\ufe0e<\/a><\/li>\n<li id=\"e5292265-7a49-4520-a750-8189de040af9\"><a href=\"https:\/\/blog.campact.de\/2024\/12\/die-5-schlimmsten-buergergeld-mythen\/\" target=\"_blank\" rel=\"nofollow\">https:\/\/blog.campact.de\/2024\/12\/die-5-schlimmsten-buergergeld-mythen\/<\/a> <a href=\"#e5292265-7a49-4520-a750-8189de040af9-link\" aria-label=\"Zur Fu\u00dfnotenreferenz 25 navigieren\">\u21a9\ufe0e<\/a><\/li>\n<li id=\"81f61399-3df5-425e-84d3-433524875eba\"><a href=\"https:\/\/www.instagram.com\/p\/DFF8NMwsPqJ\/?img_index=3\" target=\"_blank\" rel=\"nofollow\">https:\/\/www.instagram.com\/p\/DFF8NMwsPqJ\/?img_index=3<\/a> <a href=\"#81f61399-3df5-425e-84d3-433524875eba-link\" aria-label=\"Zur Fu\u00dfnotenreferenz 26 navigieren\">\u21a9\ufe0e<\/a><\/li>\n<li id=\"fe13efbc-917e-4786-be89-53d552b83c79\"><a href=\"https:\/\/www.jobvector.de\/karriere-ratgeber\/durchschnittsgehalt-in-deutschland\/\" target=\"_blank\" rel=\"nofollow\">https:\/\/www.jobvector.de\/karriere-ratgeber\/durchschnittsgehalt-in-deutschland\/<\/a> <a href=\"#fe13efbc-917e-4786-be89-53d552b83c79-link\" aria-label=\"Zur Fu\u00dfnotenreferenz 27 navigieren\">\u21a9\ufe0e<\/a><\/li>\n<li id=\"011c4d1f-5ecf-4e5d-b16d-014b9cb2841a\"><a href=\"https:\/\/www.youtube.com\/watch?v=EqG1Akna-a8\" target=\"_blank\" rel=\"nofollow\">https:\/\/www.youtube.com\/watch?v=EqG1Akna-a8<\/a> <a href=\"#011c4d1f-5ecf-4e5d-b16d-014b9cb2841a-link\" aria-label=\"Zur Fu\u00dfnotenreferenz 28 navigieren\">\u21a9\ufe0e<\/a><\/li>\n<li id=\"9c3beb63-b538-4f60-8f69-2ae9b06b1b1d\"><a href=\"https:\/\/www.politicalcompass.org\/germany2025\" target=\"_blank\" rel=\"nofollow\">https:\/\/www.politicalcompass.org\/germany2025<\/a> <a href=\"#9c3beb63-b538-4f60-8f69-2ae9b06b1b1d-link\" aria-label=\"Zur Fu\u00dfnotenreferenz 29 navigieren\">\u21a9\ufe0e<\/a><\/li>\n<\/ol>\n","protected":false},"excerpt":{"rendered":"<p>Die Linke hat es wieder nach vorne geschafft. Eine entscheidende Rolle spielt dabei das Internet: Man hat erkannt, wie Soziale Netzwerke funktionieren und wie man die Menschen dar\u00fcber erreichen kann. Au\u00dferdem haben sie Webseiten geschaffen, die Menschen weitaus mehr helfen, als blo\u00df \u00fcber das Wahlprogramm der Zukunft zu informieren. Eine geschickte Kombination aus klassischen &amp; &#8230;<\/p>\n","protected":false},"author":5,"featured_media":14712,"comment_status":"open","ping_status":"open","sticky":false,"template":"","format":"standard","meta":{"footnotes":"[{\"content\":\"<a href=\\\"https:\/\/www.faz.net\/aktuell\/politik\/bundestagswahl\/wahl-die-linke-darf-dank-dreier-direktmandate-in-den-bundestag-17557074.html\\\">https:\/\/www.faz.net\/aktuell\/politik\/bundestagswahl\/wahl-die-linke-darf-dank-dreier-direktmandate-in-den-bundestag-17557074.html<\/a>\",\"id\":\"9335e564-b858-4448-a511-67ea1bae23b1\"},{\"content\":\"<a href=\\\"https:\/\/www.rbb24.de\/politik\/beitrag\/2024\/10\/ines-schwerdtner-jan-van-aken-neue-linke-vorsitzende-vorsitzende.html\\\">https:\/\/www.rbb24.de\/politik\/beitrag\/2024\/10\/ines-schwerdtner-jan-van-aken-neue-linke-vorsitzende-vorsitzende.html<\/a>\",\"id\":\"87654a73-e9c2-43a2-b738-be2b70531013\"},{\"content\":\"<a href=\\\"https:\/\/www.bundestag.de\/parlament\/bundestagswahl\/fristen-1021210\\\">https:\/\/www.bundestag.de\/parlament\/bundestagswahl\/fristen-1021210<\/a>\",\"id\":\"203c0b21-808a-4ae6-a0d1-d618bf9772b3\"},{\"content\":\"<a href=\\\"https:\/\/dawum.de\/Bundestag\/INSA\/2025-01-05\/\\\">https:\/\/dawum.de\/Bundestag\/INSA\/2025-01-05\/<\/a>\",\"id\":\"6ec82166-2add-4448-b6bb-c8ca9ec4d9ed\"},{\"content\":\"<a href=\\\"https:\/\/dawum.de\/Bundestag\/\\\">https:\/\/dawum.de\/Bundestag\/<\/a>\",\"id\":\"7150e3b4-f07d-4fce-b2db-09d1f57867f6\"},{\"content\":\"<a href=\\\"https:\/\/www.teambank.de\/medien\/presse\/deutsche-verfugen-nur-uber-geringe-rucklagen-2\/\\\">https:\/\/www.teambank.de\/medien\/presse\/deutsche-verfugen-nur-uber-geringe-rucklagen-2\/<\/a>\",\"id\":\"c3e73f09-7bfd-4a9b-bc14-fc22f4c8cc75\"},{\"content\":\"<a href=\\\"https:\/\/dielinke.berlin\/presse\/detail\/alle-reden-wir-hoeren-zu-berliner-linke-klopft-an-ueber-130000-haustueren\/\\\">https:\/\/dielinke.berlin\/presse\/detail\/alle-reden-wir-hoeren-zu-berliner-linke-klopft-an-ueber-130000-haustueren\/<\/a>\",\"id\":\"b4ae5fbb-4f5f-4338-80d4-747b38edefc9\"},{\"content\":\"<a href=\\\"https:\/\/www.zdf.de\/nachrichten\/politik\/deutschland\/linken-vorsitzende-schwerdtner-van-aken-gehalt-spende-100.html\\\">https:\/\/www.zdf.de\/nachrichten\/politik\/deutschland\/linken-vorsitzende-schwerdtner-van-aken-gehalt-spende-100.html<\/a>\",\"id\":\"9653ab4d-81b7-47aa-a4b9-a6ab3e7af242\"},{\"content\":\"<a href=\\\"https:\/\/www.youtube.com\/@DIELINKE\/videos\\\">https:\/\/www.youtube.com\/@DIELINKE\/videos<\/a>\",\"id\":\"0d29fc15-e8c7-4e68-a681-390eccd5d799\"},{\"content\":\"<a href=\\\"https:\/\/socialblade.com\/youtube\/user\/dielinke\/monthly\\\">https:\/\/socialblade.com\/youtube\/user\/dielinke\/monthly<\/a>\",\"id\":\"54127e5d-52fc-4521-8aa6-f1f965548a07\"},{\"content\":\"<a href=\\\"https:\/\/www.bundestag.de\/mediathek?videoid=7628597#url=L21lZGlhdGhla292ZXJsYXk\/dmlkZW9pZD03NjI4NTk3&amp;mod=mediathek\\\">https:\/\/www.bundestag.de\/mediathek?videoid=7628597#url=L21lZGlhdGhla292ZXJsYXk\/dmlkZW9pZD03NjI4NTk3&amp;mod=mediathek<\/a>\",\"id\":\"d7dd6099-576a-43db-a7dc-6030b8068ac0\"},{\"content\":\"<a href=\\\"https:\/\/www.linksfraktionsachsen.de\/presse\/detail\/juliane-nagel-linke-mietwucher-app-macht-ueberhoehte-mietpreis-faelle-sichtbar-ahndung-von-ueberhoehungen-vereinfachen\/\\\">https:\/\/www.linksfraktionsachsen.de\/presse\/detail\/juliane-nagel-linke-mietwucher-app-macht-ueberhoehte-mietpreis-faelle-sichtbar-ahndung-von-ueberhoehungen-vereinfachen\/<\/a>\",\"id\":\"8af830d1-6bf4-4903-ab26-63c8e4381c78\"},{\"content\":\"<a href=\\\"https:\/\/taz.de\/App-gegen-Mietwucher\/!6065703\/\\\">https:\/\/taz.de\/App-gegen-Mietwucher\/!6065703\/<\/a>\",\"id\":\"e6f0cc26-39c4-4236-8cf0-5c4698a1d352\"},{\"content\":\"<a href=\\\"https:\/\/www.spiegel.de\/wirtschaft\/immobilien-wo-die-mieten-in-deutschland-am-staerksten-steigen-a-20699960-1598-42bf-ac91-e2b4fa9b0c1d\\\">https:\/\/www.spiegel.de\/wirtschaft\/immobilien-wo-die-mieten-in-deutschland-am-staerksten-steigen-a-20699960-1598-42bf-ac91-e2b4fa9b0c1d<\/a>\",\"id\":\"895ae8e1-d726-4d5b-a780-0835850ff349\"},{\"content\":\"<a href=\\\"https:\/\/www.die-linke.de\/start\/presse\/detail\/die-linke-startet-heizkosten-aktion\/\\\">https:\/\/www.die-linke.de\/start\/presse\/detail\/die-linke-startet-heizkosten-aktion\/<\/a>\",\"id\":\"6847bcd8-3940-41f9-a2c1-4d9388df0ac0\"},{\"content\":\"<a href=\\\"https:\/\/www.dielinke-rostock.de\/presse\/detail\/silberlocken-in-rostock\/\\\">https:\/\/www.dielinke-rostock.de\/presse\/detail\/silberlocken-in-rostock\/<\/a>\",\"id\":\"864ab0c0-c226-4161-ab22-ce98209aaec6\"},{\"content\":\"<a href=\\\"https:\/\/www.youtube.com\/watch?v=JSKDMMXy5Pk\\\">https:\/\/www.youtube.com\/watch?v=JSKDMMXy5Pk<\/a>\",\"id\":\"1f89f594-245d-45a7-9afc-c668c082c718\"},{\"content\":\"<a href=\\\"https:\/\/www.instagram.com\/p\/DFldsbcoMIA\/\\\">https:\/\/www.instagram.com\/p\/DFldsbcoMIA\/<\/a>\",\"id\":\"8f1400b8-0543-4bc9-a308-f9ab4787b5bb\"},{\"content\":\"<a href=\\\"https:\/\/www.spiegel.de\/politik\/deutschland\/die-linke-erreicht-15-jahres-hoch-bei-mitgliederzahl-a-e5c793f0-d6c1-49f8-b8bb-c0284a68295b\\\">https:\/\/www.spiegel.de\/politik\/deutschland\/die-linke-erreicht-15-jahres-hoch-bei-mitgliederzahl-a-e5c793f0-d6c1-49f8-b8bb-c0284a68295b<\/a>\",\"id\":\"2da691c8-5c2c-4bef-b0a8-0d77f10c0820\"},{\"content\":\"<a href=\\\"https:\/\/www.stern.de\/politik\/deutschland\/umfrage-vor-bundestagswahl--linke-und-gruene-bei-jungen-am-beliebtesten-35459408.html\\\">https:\/\/www.stern.de\/politik\/deutschland\/umfrage-vor-bundestagswahl--linke-und-gruene-bei-jungen-am-beliebtesten-35459408.html<\/a>\",\"id\":\"cf89fc97-c174-4866-bc58-0b69ab58701d\"},{\"content\":\"<a href=\\\"https:\/\/www.tagesschau.de\/inland\/bundestagswahl\/startseite\/junge-waehler-108.html\\\">https:\/\/www.tagesschau.de\/inland\/bundestagswahl\/startseite\/junge-waehler-108.html<\/a>\",\"id\":\"d6049e01-8d81-47d7-84e5-6d93a0e34962\"},{\"content\":\"<a href=\\\"https:\/\/taz.de\/Einfuehrung-einer-Milliardaerssteuer\/!6069159\/\\\">https:\/\/taz.de\/Einfuehrung-einer-Milliardaerssteuer\/!6069159\/<\/a>\",\"id\":\"5af8c15a-05ea-4038-a665-6ee0906ef957\"},{\"content\":\"<a href=\\\"https:\/\/www.rnd.de\/politik\/cdu-will-buergergeld-abschaffen-keine-grundsicherung-fuer-totalverweigerer-DHF6VKIK4BPATCLFCCHFQDJJNM.html\\\">https:\/\/www.rnd.de\/politik\/cdu-will-buergergeld-abschaffen-keine-grundsicherung-fuer-totalverweigerer-DHF6VKIK4BPATCLFCCHFQDJJNM.html<\/a>\",\"id\":\"e4af4f77-a2fb-4bb9-b0c3-a4d42da1a9a5\"},{\"content\":\"<a href=\\\"https:\/\/www.fr.de\/verbraucher\/statistik-zeigt-zahl-totalverweigerer-empfaenger-buergergeld-aktuelle-zr-92901745.html\\\">https:\/\/www.fr.de\/verbraucher\/statistik-zeigt-zahl-totalverweigerer-empfaenger-buergergeld-aktuelle-zr-92901745.html<\/a>\",\"id\":\"b8963c5c-446a-49bc-b7a8-b9547e67bb9e\"},{\"content\":\"<a href=\\\"https:\/\/blog.campact.de\/2024\/12\/die-5-schlimmsten-buergergeld-mythen\/\\\">https:\/\/blog.campact.de\/2024\/12\/die-5-schlimmsten-buergergeld-mythen\/<\/a>\",\"id\":\"e5292265-7a49-4520-a750-8189de040af9\"},{\"content\":\"<a href=\\\"https:\/\/www.instagram.com\/p\/DFF8NMwsPqJ\/?img_index=3\\\">https:\/\/www.instagram.com\/p\/DFF8NMwsPqJ\/?img_index=3<\/a>\",\"id\":\"81f61399-3df5-425e-84d3-433524875eba\"},{\"content\":\"<a href=\\\"https:\/\/www.jobvector.de\/karriere-ratgeber\/durchschnittsgehalt-in-deutschland\/\\\">https:\/\/www.jobvector.de\/karriere-ratgeber\/durchschnittsgehalt-in-deutschland\/<\/a>\",\"id\":\"fe13efbc-917e-4786-be89-53d552b83c79\"},{\"content\":\"<a href=\\\"https:\/\/www.youtube.com\/watch?v=EqG1Akna-a8\\\">https:\/\/www.youtube.com\/watch?v=EqG1Akna-a8<\/a>\",\"id\":\"011c4d1f-5ecf-4e5d-b16d-014b9cb2841a\"},{\"content\":\"<a href=\\\"https:\/\/www.politicalcompass.org\/germany2025\\\">https:\/\/www.politicalcompass.org\/germany2025<\/a>\",\"id\":\"9c3beb63-b538-4f60-8f69-2ae9b06b1b1d\"}]"},"categories":[1110],"tags":[],"class_list":["post-14649","post","type-post","status-publish","format-standard","has-post-thumbnail","hentry","category-gesellschaftliches"],"_links":{"self":[{"href":"https:\/\/u-labs.de\/portal\/wp-json\/wp\/v2\/posts\/14649","targetHints":{"allow":["GET"]}}],"collection":[{"href":"https:\/\/u-labs.de\/portal\/wp-json\/wp\/v2\/posts"}],"about":[{"href":"https:\/\/u-labs.de\/portal\/wp-json\/wp\/v2\/types\/post"}],"author":[{"embeddable":true,"href":"https:\/\/u-labs.de\/portal\/wp-json\/wp\/v2\/users\/5"}],"replies":[{"embeddable":true,"href":"https:\/\/u-labs.de\/portal\/wp-json\/wp\/v2\/comments?post=14649"}],"version-history":[{"count":49,"href":"https:\/\/u-labs.de\/portal\/wp-json\/wp\/v2\/posts\/14649\/revisions"}],"predecessor-version":[{"id":14718,"href":"https:\/\/u-labs.de\/portal\/wp-json\/wp\/v2\/posts\/14649\/revisions\/14718"}],"wp:featuredmedia":[{"embeddable":true,"href":"https:\/\/u-labs.de\/portal\/wp-json\/wp\/v2\/media\/14712"}],"wp:attachment":[{"href":"https:\/\/u-labs.de\/portal\/wp-json\/wp\/v2\/media?parent=14649"}],"wp:term":[{"taxonomy":"category","embeddable":true,"href":"https:\/\/u-labs.de\/portal\/wp-json\/wp\/v2\/categories?post=14649"},{"taxonomy":"post_tag","embeddable":true,"href":"https:\/\/u-labs.de\/portal\/wp-json\/wp\/v2\/tags?post=14649"}],"curies":[{"name":"wp","href":"https:\/\/api.w.org\/{rel}","templated":true}]}}