{"id":14933,"date":"2025-10-15T17:19:21","date_gmt":"2025-10-15T15:19:21","guid":{"rendered":"https:\/\/u-labs.de\/portal\/?p=14933"},"modified":"2025-10-15T17:20:33","modified_gmt":"2025-10-15T15:20:33","slug":"macos-win-alternative","status":"publish","type":"post","link":"https:\/\/u-labs.de\/portal\/macos-win-alternative\/","title":{"rendered":"Nach Windows zu Apple? MacOS ist eine Falle!"},"content":{"rendered":"<p>Windows 10 stirbt f\u00fcr die meisten Nutzer im Oktober 2025. Das stark umstrittene Windows 11 ist dabei keineswegs so alternativlos, wie der Konzern es gerne behauptet. Doch nicht alle Alternativen sind tats\u00e4chlich der Weg raus aus der Abh\u00e4ngigkeit &amp; den damit einhergehenden G\u00e4ngelungen, die Windows-Nutzer hassen. Mit einen Wechsel zum gr\u00f6\u00dften Konkurrenten macht man sogar einen Schritt zur\u00fcck. W\u00e4hrend die \u00f6ffentliche Wahrnehmung dies oft weniger betrachtet. Beim genaueren Hinblick entpuppt sich der Verfechter des Datenschutzes als gro\u00dfer Gef\u00e4hrder. Den Kommentaren aus der Community nach sind einige auf das Marketing herein gefallen.<\/p>\n<h2 class=\"wp-block-heading\">Microsofts kleiner Bruder<\/h2>\n<p>Manche sehen in Apple eine m\u00f6gliche Alternative. Dies h\u00e4ngt wohl mit der Bekanntheit &amp; Marktkapitalisierung zusammen: Apple &amp; Microsoft wechseln sich auf der Liste der wertvollsten Konzerne ab. Derzeit steht Microsoft auf Platz 1, dicht gefolgt von Apple.<sup data-fn=\"e3ad2267-93c3-471b-a243-72657f6ec912\" class=\"fn\"><a href=\"#e3ad2267-93c3-471b-a243-72657f6ec912\" id=\"e3ad2267-93c3-471b-a243-72657f6ec912-link\">1<\/a><\/sup> Beim Gewinn liegen beide <em>nur<\/em> um wenige Milliarden auseinander. Dies liegt auch daran, dass Microsoft geschickt skrupellose Taktiken vom Konkurrent kopiert hat &#8211; und zwar mit Erfolg. Eben so wie die Smartphone-Branche mit der Zeit den wechselbaren Akku zerst\u00f6rt. Apple tat das bereits von Anfang an. Damit holten sie weitaus mehr Gewinn aus ihren Kunden, als die anderen Hersteller.<\/p>\n<div class=\"wp-block-image\">\n<figure class=\"aligncenter size-large\"><a href=\"https:\/\/u-labs.de\/portal\/wp-content\/uploads\/2025\/05\/wertvollste-unternehmen.avif\"><img loading=\"lazy\" decoding=\"async\" width=\"1024\" height=\"281\" src=\"https:\/\/u-labs.de\/portal\/wp-content\/uploads\/2025\/05\/wertvollste-unternehmen-1024x281.jpg\" alt=\"\" class=\"wp-image-14935\" srcset=\"https:\/\/u-labs.de\/portal\/wp-content\/uploads\/2025\/05\/wertvollste-unternehmen-1024x281.jpg 1024w, https:\/\/u-labs.de\/portal\/wp-content\/uploads\/2025\/05\/wertvollste-unternehmen-300x82.jpg 300w, https:\/\/u-labs.de\/portal\/wp-content\/uploads\/2025\/05\/wertvollste-unternehmen-768x211.jpg 768w, https:\/\/u-labs.de\/portal\/wp-content\/uploads\/2025\/05\/wertvollste-unternehmen-640x176.jpg 640w, https:\/\/u-labs.de\/portal\/wp-content\/uploads\/2025\/05\/wertvollste-unternehmen-619x170.jpg 619w, https:\/\/u-labs.de\/portal\/wp-content\/uploads\/2025\/05\/wertvollste-unternehmen.avif 1274w\" sizes=\"auto, (max-width: 1024px) 100vw, 1024px\" \/><\/a><\/figure>\n<\/div>\n<h2 class=\"wp-block-heading\">Deswegen kann Microsoft euch g\u00e4ngeln bis zum abwinken<\/h2>\n<p>Warum konnte Microsoft die Nutzer mit Windows 10 und sp\u00e4ter Windows 11 als <em>H\u00f6hepunkt<\/em> derart erz\u00fcrnen? Weil Windows propriet\u00e4re Software ist. Sie zeichnet sich dadurch aus, dass der Anbieter sie einseitig stark einschr\u00e4nken kann. Wie bei einem physischen Gegenstand bestimmt der Eigent\u00fcmer, was andere damit (nicht) machen d\u00fcrfen. Der Anbieter befindet sich per Definition in einer st\u00e4rkeren Machtposition, als der Nutzer. Daher nennt man solche Programme auch <em>unfreie Software<\/em>.<sup data-fn=\"260602cd-6e9d-474c-9c0b-09ff9b0132f8\" class=\"fn\"><a href=\"#260602cd-6e9d-474c-9c0b-09ff9b0132f8\" id=\"260602cd-6e9d-474c-9c0b-09ff9b0132f8-link\">2<\/a><\/sup><\/p>\n<p>Da Windows propriet\u00e4re Software von Microsoft ist, k\u00f6nnen sie das Betriebssystem nahezu beliebig einschr\u00e4nken: Nervige Werbung, Zwang zum Microsoft Cloudkonto, absurd hohe Systemanforderungen und so weiter. Das ist nervig, aber eben so legal, wie wenn ein Freund dir sein Auto leiht unter der Bedingung, darin nicht zu rauchen und es nicht dreckig zu machen. Mit propriet\u00e4rer Software m\u00fcssen wir dem Anbieter also komplett vertrauen. Au\u00dferdem ist man komplett von ihm abh\u00e4ngig. Verschlechtert er die Funktionen, erh\u00f6ht Preise usw. hat der Nutzer keinen Einfluss.<\/p>\n<h2 class=\"wp-block-heading\">Wie frei ist Apples MacOS wirklich?<\/h2>\n<p>Apple ist in dieser Hinsicht nicht besser: Auch bei MacOS handelt es sich um ein propriet\u00e4res Betriebssystem. Es wird sogar noch st\u00e4rker eingeschr\u00e4nkt als Windows. Apple bestimmt etwa, es nur zusammen mit der Nutzung auf eigener Hardware (Mac) anzubieten. Schon das nutzen sie aus, in dem Macs bereits nach wenigen Jahren ein Upgrade auf die neueste MacOS Version verweigert wird. Wie lange genau, verschweigt Apple im Vorfeld. So intransparent und unkalkulierbar ist nicht einmal Microsoft. Im Durchschnitt sollen es &#8222;bis zu 7 Jahre nach der Ver\u00f6ffentlichung&#8220; sein.<sup data-fn=\"1991f287-c8aa-4eec-9021-9f2a44773d42\" class=\"fn\"><a href=\"#1991f287-c8aa-4eec-9021-9f2a44773d42\" id=\"1991f287-c8aa-4eec-9021-9f2a44773d42-link\">3<\/a><\/sup> Erfahrungswerte sprechen von 5-7 Jahre, Apple macht dies anscheinend vom Modell abh\u00e4ngig.<\/p>\n<div class=\"wp-block-image\">\n<figure class=\"aligncenter size-large\"><a href=\"https:\/\/u-labs.de\/portal\/wp-content\/uploads\/2025\/10\/pikzels_17595208965894111174056472291759520896588.avif\"><img loading=\"lazy\" decoding=\"async\" width=\"1024\" height=\"576\" src=\"https:\/\/u-labs.de\/portal\/wp-content\/uploads\/2025\/10\/pikzels_17595208965894111174056472291759520896588-1024x576.jpg\" alt=\"\" class=\"wp-image-15719\" srcset=\"https:\/\/u-labs.de\/portal\/wp-content\/uploads\/2025\/10\/pikzels_17595208965894111174056472291759520896588-1024x576.jpg 1024w, https:\/\/u-labs.de\/portal\/wp-content\/uploads\/2025\/10\/pikzels_17595208965894111174056472291759520896588-300x169.jpg 300w, https:\/\/u-labs.de\/portal\/wp-content\/uploads\/2025\/10\/pikzels_17595208965894111174056472291759520896588-768x432.jpg 768w, https:\/\/u-labs.de\/portal\/wp-content\/uploads\/2025\/10\/pikzels_17595208965894111174056472291759520896588-640x360.jpg 640w, https:\/\/u-labs.de\/portal\/wp-content\/uploads\/2025\/10\/pikzels_17595208965894111174056472291759520896588-302x170.jpg 302w, https:\/\/u-labs.de\/portal\/wp-content\/uploads\/2025\/10\/pikzels_17595208965894111174056472291759520896588.avif 1280w\" sizes=\"auto, (max-width: 1024px) 100vw, 1024px\" \/><\/a><\/figure>\n<\/div>\n<p>Das als &#8222;langlebig&#8220; zu bezeichnen, erscheint absurd. Bis zu Microsofts Eskalation mit Windows 11 lief Windows auf PCs, die 10, 15 Jahre und \u00e4lter waren. Es gab \u00fcberhaupt keine erzwungene Kopplung zwischen Hardware &amp; Software. Der Nutzer konnte selbst entscheiden, wie lange er seine Hardware mit welcher Windows-Version nutzt. Derartige Freiheit ist bei Apple schon lange gestorben.<\/p>\n<p>Schaut man sich die Erfahrungswerte der Apple-Gemeinde an, erhalten derzeit nur MacBooks ab Erscheinungsjahr 2018 die neuesten MacOS Updates. Wer die absurden Systemanforderungen von Windows 11 studiert hat, wird schnell feststellen: Auch die Liste von unterst\u00fctzten Prozessoren enth\u00e4lt nur einen Teil der Modelle, die ab ca. 2018 erschienen sind.<\/p>\n<h2 class=\"wp-block-heading\">FOSS gegen Geplante Obsoleszenz<\/h2>\n<p>Erscheint eine neue MacOS-Version, m\u00fcssen Apple regelm\u00e4\u00dfig bannen: Wird mein Mac diesmal Opfer der geplanten Software-Obsoleszenz? Eine noch gr\u00f6\u00dfere Welle wird es 2026 treffen. Bereits mit MacOS 26 hat Apple angek\u00fcndigt, dies sei die letzte Version f\u00fcr ausgew\u00e4hlte Macs mit Intel-Prozessor. Selbst hier beendet der Konzern bereits die Unterst\u00fctzung f\u00fcr j\u00fcngere Ger\u00e4te. Das MacBook Air von 2025 ist ein Extrembeispiel &#8211; nach nur 5 Jahren.<sup data-fn=\"3dc2c623-25ae-4db3-bad7-2bd63b0341d3\" class=\"fn\"><a href=\"#3dc2c623-25ae-4db3-bad7-2bd63b0341d3\" id=\"3dc2c623-25ae-4db3-bad7-2bd63b0341d3-link\">4<\/a><\/sup><\/p>\n<p>Nach der Ver\u00f6ffentlichung einer neuen Hauptversion stellt Apple die Pflege der Anwendungen aus den vorherigen Version ein. Dies soll ein Anreiz zum Upgrade liefern. Prinzipiell \u00e4hnlich macht es Debian auch. Allerdings ist Debian freie Software und beschr\u00e4nkt daher die neuen Versionen nicht auf bestimmte Hardware, im Gegensatz zu Apple.<\/p>\n<p>Technische Gr\u00fcnde gibt es daf\u00fcr eben so wenig, wie bei Microsoft Windows. Das beweist <em>OpenCore Legacy Patcher<\/em> (kurz <em>OCLP<\/em>): Das quelloffene Projekt entstand durch Apple-Kunden, die von den k\u00fcnstlich verk\u00fcrzten Lebenszyklen schockiert waren. Im Sinne der Nachhaltigkeit versuchten sie, neuere MacOS Versionen zum Laufen zu bekommen. Mit gro\u00dfem Erfolg: Das 2021 gegr\u00fcndete und somit junge Projekt unterst\u00fctzt eine beeindruckend lange Liste an Macs &amp; MacBooks, die bis ins Jahr 2007 (!) zur\u00fcck gehen.<sup data-fn=\"1f5a410e-6693-4a8e-8d01-6b836606f2ea\" class=\"fn\"><a href=\"#1f5a410e-6693-4a8e-8d01-6b836606f2ea\" id=\"1f5a410e-6693-4a8e-8d01-6b836606f2ea-link\">5<\/a><\/sup> <\/p>\n<p>In einem deutschen Forum hat ein Nutzer seinen iMac aus 2011 auf MacOS 15 gebracht &#8211; Apple hatte mit MacOs 10 schon viel fr\u00fcher den Stecker gezogen.<sup data-fn=\"1cb2088b-5793-45c3-8de8-ccf4005b8e85\" class=\"fn\"><a href=\"#1cb2088b-5793-45c3-8de8-ccf4005b8e85\" id=\"1cb2088b-5793-45c3-8de8-ccf4005b8e85-link\">6<\/a><\/sup> Die &#8222;Mac &amp; i&#8220; Zeitschrift aus dem Heise-Verlag testete 2023 verschiedene Macs mit Baujahr zwischen 2012 und 2016. Auf den meisten konnte mithilfe von OCLP eine neuere MacOS Version installiert werden.<sup data-fn=\"b8442c6e-21e7-4a25-a06a-177d1c3733fe\" class=\"fn\"><a href=\"#b8442c6e-21e7-4a25-a06a-177d1c3733fe\" id=\"b8442c6e-21e7-4a25-a06a-177d1c3733fe-link\">7<\/a><\/sup> Wenngleich das durch Apples Schranken ein relativ aufw\u00e4ndiger Prozess ist.<\/p>\n<div class=\"wp-block-image\">\n<figure class=\"aligncenter size-full\"><a href=\"https:\/\/u-labs.de\/portal\/wp-content\/uploads\/2025\/09\/oclp-contributors.avif\"><img loading=\"lazy\" decoding=\"async\" width=\"300\" height=\"159\" src=\"https:\/\/u-labs.de\/portal\/wp-content\/uploads\/2025\/09\/oclp-contributors.avif\" alt=\"\" class=\"wp-image-15673\"\/><\/a><\/figure>\n<\/div>\n<p>35 Personen haben zu OCLP beigetragen, wohl in ihrer Freizeit. Sie schaffen es, bis zu 18 (!!!) Jahre alte Macs softwareseitig am Leben zu halten. W\u00e4hrend Apple nach wenigen Jahren Schluss macht. Es ist v\u00f6llig realit\u00e4tsfremd, dass einer der weltweit gr\u00f6\u00dften Konzerne (\u00fcber 115 Milliarden US-Dollar Jahresgewinn 2025!) das nicht leisten k\u00f6nnte. Nat\u00fcrlich k\u00f6nnen die. Aber warum sollten die ihren Gewinn auch nur ein klitzekleines bisschen schm\u00e4lern, wenn genug von euch die Ger\u00e4te auch zu den weitaus schlechteren Konditionen kaufen?<\/p>\n<h2 class=\"wp-block-heading\">So skrupellos nutzt Apple die enge Verbindung von Hard- und Software aus<\/h2>\n<p>W\u00e4hrend PC-Nutzer die riesige Auswahl von zahlreichen Marken &amp; Modellen fertiger Systeme haben, k\u00f6nnen sie sich alternativ selbst einen Computer zusammenstellen. Dieser l\u00e4sst sich optimal auf den pers\u00f6nlichen Bedarf abstimmen. Das Angebot umfasst unz\u00e4hlige M\u00f6glichkeiten, von sehr g\u00fcnstig bis Luxus.<\/p>\n<p>Bei Apple kann man davon nur tr\u00e4umen: Es existieren lediglich eine Hand voll Modelle, die alle von Apple selbst stammen. Sie erlauben keinem anderen Unternehmen die Produktion von Ger\u00e4ten, auf denen MacOS l\u00e4uft &#8211; ein selbst geschaffenes Monopol. Das nutzt Apple gnadenlos aus, um den Kunden das Geld aus der Tasche zu ziehen: M\u00f6chte er beim Kauf mehr Speicher, l\u00e4sst sich Apple das mit absurden Aufpreisen bezahlen.<sup data-fn=\"c161eaeb-1826-49fd-986b-3772dd294f3f\" class=\"fn\"><a href=\"#c161eaeb-1826-49fd-986b-3772dd294f3f\" id=\"c161eaeb-1826-49fd-986b-3772dd294f3f-link\">8<\/a><\/sup> Sie sind weitaus h\u00f6her als das, was selbst Privatkunden beim Einzelkauf im Handel zahlen m\u00fcssten. Selbst w\u00e4hrend die Marktpreise sinken, dr\u00fcckt Apple ihren Kunden eiskalt noch extremere Preiserh\u00f6hungen aufs Auge.<sup data-fn=\"cb03a2a2-6148-48e7-ad72-1b60bd0be2bc\" class=\"fn\"><a href=\"#cb03a2a2-6148-48e7-ad72-1b60bd0be2bc\" id=\"cb03a2a2-6148-48e7-ad72-1b60bd0be2bc-link\">9<\/a><\/sup><\/p>\n<div class=\"wp-block-image\">\n<figure class=\"aligncenter size-full\"><a href=\"https:\/\/u-labs.de\/portal\/wp-content\/uploads\/2025\/10\/macbook-air-preisaufschlag.avif\"><img loading=\"lazy\" decoding=\"async\" width=\"996\" height=\"850\" src=\"https:\/\/u-labs.de\/portal\/wp-content\/uploads\/2025\/10\/macbook-air-preisaufschlag.avif\" alt=\"\" class=\"wp-image-15681\" srcset=\"https:\/\/u-labs.de\/portal\/wp-content\/uploads\/2025\/10\/macbook-air-preisaufschlag.avif 996w, https:\/\/u-labs.de\/portal\/wp-content\/uploads\/2025\/10\/macbook-air-preisaufschlag-300x256.jpg 300w, https:\/\/u-labs.de\/portal\/wp-content\/uploads\/2025\/10\/macbook-air-preisaufschlag-768x655.jpg 768w, https:\/\/u-labs.de\/portal\/wp-content\/uploads\/2025\/10\/macbook-air-preisaufschlag-422x360.jpg 422w, https:\/\/u-labs.de\/portal\/wp-content\/uploads\/2025\/10\/macbook-air-preisaufschlag-199x170.jpg 199w, https:\/\/u-labs.de\/portal\/wp-content\/uploads\/2025\/10\/macbook-air-preisaufschlag-210x180.jpg 210w\" sizes=\"auto, (max-width: 996px) 100vw, 996px\" \/><\/a><figcaption class=\"wp-element-caption\">Ma\u00dflos \u00fcberteuert: 256GB mehr Speicher kosten beim MacBook Air<sup data-fn=\"14e15737-e4f3-403b-96a9-149dc9f696c0\" class=\"fn\"><a href=\"#14e15737-e4f3-403b-96a9-149dc9f696c0\" id=\"14e15737-e4f3-403b-96a9-149dc9f696c0-link\">10<\/a><\/sup> 250\u20ac Aufpreis, 8GB extra RAM noch mal zus\u00e4tzlich! <\/figcaption><\/figure>\n<\/div>\n<p>Selbst wer die Marktpreise nicht kennt, kann mit einer kurzen Internetrecherche sehen, wie offenkundig absurd das ist. <a href=\"https:\/\/www.amazon.de\/Crucial-Interne-Gaming-Desktop-Festplatte\/dp\/B0DC8VPSHV\/\" target=\"_blank\" rel=\"nofollow\">Eine 500GB Crucial M.2 SSD<\/a> kostet 41,99\u20ac mit 500GB. F\u00fcr gerade mal 22\u20ac Aufpreis bekommt jeder die doppelt so gro\u00dfe Variante mit 1TB Speicher. Apple verlangt \u00fcber 1000% Aufpreis. Die Samsung 990 EVO wird mit 512GB gar nicht mehr verkauft. Der Aufpreis von 1TB zu 2TB betr\u00e4gt mit 46\u20ac kaum mehr. <\/p>\n<div class=\"wp-block-image\">\n<figure class=\"aligncenter size-large\"><a href=\"https:\/\/u-labs.de\/portal\/wp-content\/uploads\/2025\/10\/crucial-ssd-amz.avif\"><img loading=\"lazy\" decoding=\"async\" width=\"1024\" height=\"512\" src=\"https:\/\/u-labs.de\/portal\/wp-content\/uploads\/2025\/10\/crucial-ssd-amz-1024x512.jpg\" alt=\"\" class=\"wp-image-15684\" srcset=\"https:\/\/u-labs.de\/portal\/wp-content\/uploads\/2025\/10\/crucial-ssd-amz-1024x512.jpg 1024w, https:\/\/u-labs.de\/portal\/wp-content\/uploads\/2025\/10\/crucial-ssd-amz-300x150.jpg 300w, https:\/\/u-labs.de\/portal\/wp-content\/uploads\/2025\/10\/crucial-ssd-amz-768x384.jpg 768w, https:\/\/u-labs.de\/portal\/wp-content\/uploads\/2025\/10\/crucial-ssd-amz-640x320.jpg 640w, https:\/\/u-labs.de\/portal\/wp-content\/uploads\/2025\/10\/crucial-ssd-amz-340x170.jpg 340w, https:\/\/u-labs.de\/portal\/wp-content\/uploads\/2025\/10\/crucial-ssd-amz.avif 1211w\" sizes=\"auto, (max-width: 1024px) 100vw, 1024px\" \/><\/a><\/figure>\n<\/div>\n<p>Dazu sind beides lediglich Preise f\u00fcr einzelne Verk\u00e4ufe an Endkunden. Apple kauft Millionen St\u00fcck und bezahlt dadurch pro SSD weitaus weniger Aufschlag, als die 22\u20ac. Die tats\u00e4chliche Gewinnmarge ist daher noch viel h\u00f6her. Wobei selbst mehr als 1.000% (entspricht einem Faktor von rund 11,4!) schon v\u00f6llig unversch\u00e4mt sind. Ein Cheeseburger kostet bei McDonalds derzeit 2,50\u20ac. W\u00fcrdet ihr den f\u00fcr gut 28,40\u20ac kaufen? Vermutlich w\u00fcrdet ihr fragen, ob die nicht mehr alle Tassen im Schrank haben und McD boykottieren. Zu Recht. Warum tut ihr das bei Apple nicht und lasst euch bodenlos abzocken?<\/p>\n<h2 class=\"wp-block-heading\">Zw\u00e4nge &amp; G\u00e4ngelungen machen Apple reicher &amp; reicher &amp; reicher<\/h2>\n<p>Ihnen ist bewusst, dass sie den Kunden keine Wahl mehr lassen. Urspr\u00fcnglich erweiterbare Teile wie z.B. Speicher und RAM werden verl\u00f6tet. Der K\u00e4ufer hat damit keine M\u00f6glichkeit mehr, sie zu erweitern. Etwa wie oben gezeigt eine g\u00fcnstigere SSD selbst einzubauen. Oder bei Defekten auszutauschen. Der einzige Weg ist, bereits beim Kauf mehr Speicher dazu bestellen. Hier zockt der Konzern seine Kunden gnadenlos ab.<\/p>\n<p>Und das schon lange mit Erfolg. Bereits 2015 kassierte 92% der Gewinne aus dem gesamten Smartphone-Markt. Obwohl ihr Marktanteil nur bei 1\/5 lag.<sup data-fn=\"67817c35-141d-49d4-90a2-9450b45565d0\" class=\"fn\"><a href=\"#67817c35-141d-49d4-90a2-9450b45565d0\" id=\"67817c35-141d-49d4-90a2-9450b45565d0-link\">11<\/a><\/sup> Kunden akzeptieren derart exorbitant hohe Preise, bei denen der Konzern riesige Gewinnmargen absch\u00f6pfen kann. Im Kern hat sich daran bis heute nichts ge\u00e4ndert. Auch 2023 lag Apple bei den Gewinnen vorne &#8211; obwohl der ges\u00e4ttigte Smartphone-Markt nicht mehr wuchs.<sup data-fn=\"e1a4f0d1-33ce-4e31-8cbd-4d2d3cb5b289\" class=\"fn\"><a href=\"#e1a4f0d1-33ce-4e31-8cbd-4d2d3cb5b289\" id=\"e1a4f0d1-33ce-4e31-8cbd-4d2d3cb5b289-link\">12<\/a><\/sup><\/p>\n<h2 class=\"wp-block-heading\">Dein Ger\u00e4t geh\u00f6ren nicht mehr dir &amp; wird aus der Ferne sabotiert<\/h2>\n<p>Selbst nachdem man wahnsinnige Aufpreise gezahlt hat, f\u00fchlt man sich bei Apple eher wie ein Mieter statt Eigent\u00fcmer. Bereits seit dem iPhone 7 schr\u00e4nken Sie die M\u00f6glichkeit zur Reparatur stark ein &#8211; sowohl f\u00fcr Kunden, als auch freie Werkst\u00e4tten.<sup data-fn=\"6561aa96-6aac-424a-8710-1861dd5c8279\" class=\"fn\"><a href=\"#6561aa96-6aac-424a-8710-1861dd5c8279\" id=\"6561aa96-6aac-424a-8710-1861dd5c8279-link\">13<\/a><\/sup> Inzwischen verwenden sie DRM (Digitale Rechteverwaltung), um Ersatzteile fest mit dem Smartphone zu koppeln. Wird ein Teil ausgetauscht, muss Apple dies genehmigen. Ansonsten funktioniert es h\u00f6chstens eingeschr\u00e4nkt. Die New York Times fasst es 2023 treffend zusammen:<sup data-fn=\"ac0444f8-3fe5-45a1-baa0-2bdf362cb713\" class=\"fn\"><a href=\"#ac0444f8-3fe5-45a1-baa0-2bdf362cb713\" id=\"ac0444f8-3fe5-45a1-baa0-2bdf362cb713-link\">14<\/a><\/sup><\/p>\n<blockquote class=\"wp-block-quote is-layout-flow wp-block-quote-is-layout-flow\">\n<p>Sie haben 1.000 Dollar f\u00fcr ein iPhone bezahlt, aber Apple kontrolliert es noch immer.<\/p>\n<\/blockquote>\n<p>Da es in unserem System kein &#8222;genug&#8220; gibt, suchen Konzerne stetig nach neuen Wegen, um mehr Geld aus dir heraus zu holen. Eine weitere Eskalationsstufe: \u00c4ltere Smartphones werden per Software-Update k\u00fcnstlich langsamer gemacht. Nutzer klagen \u00fcber eine deutlich verschlechterte Performance und Fehlfunktionen. Damit sollen sie zum Kauf eines neuen Ger\u00e4tes manipuliert werden.<\/p>\n<p>Apple versucht sich heraus zu reden, man wolle die Abschaltung auf Ger\u00e4ten mit schwachem Akku verhindern. Das ist schon deswegen unglaubw\u00fcrdig, weil die Kunden dar\u00fcber nie informiert wurden &#8211; es war eine heimlich eingebaute Funktion. Au\u00dferdem: Wer hat Akkus fest verbaut &amp; Kunden entmachtet, sodass ein Akkuwechsel teuer &amp; aufw\u00e4ndig wurde? Italien lie\u00df sich von diesen Ausreden nicht beeindrucken und verurteilt Apple wegen geplanter Obsoleszenz zu einer Millionenstrafe.<sup data-fn=\"6b80d20d-4f03-4dc7-99a9-7e65d21c8ccd\" class=\"fn\"><a href=\"#6b80d20d-4f03-4dc7-99a9-7e65d21c8ccd\" id=\"6b80d20d-4f03-4dc7-99a9-7e65d21c8ccd-link\">15<\/a><\/sup><\/p>\n<h2 class=\"wp-block-heading\">Apple erh\u00e4lt Sonderrechte &amp; entzieht sich jeglicher Kontrolle<\/h2>\n<p>Das Betriebssystem ist die Grundlage f\u00fcr deine Anwendungsprogramme. Es interagiert mit der Hardware und muss daher vertrauensw\u00fcrdig sein. Andernfalls ist der sichere &amp; zuverl\u00e4ssige Betrieb von Anwendungssoftware kaum m\u00f6glich. Apple hat ihren eigenen Programmen einen VIP Status einger\u00e4umt: Sie d\u00fcrfen immer Datenverkehr ins Internet senden &#8211; selbst wenn der Nutzer dies in der Firewall deaktiviert hat. Dieses Vorgehen ist dreist und wurde nicht einmal von Apple kommuniziert.<sup data-fn=\"3eab5b09-d0fc-4f68-92c4-1093cf75cb53\" class=\"fn\"><a href=\"#3eab5b09-d0fc-4f68-92c4-1093cf75cb53\" id=\"3eab5b09-d0fc-4f68-92c4-1093cf75cb53-link\">16<\/a><\/sup> Durch die Ausnahmen haben sie sogar Sicherheitsl\u00fccken au\u00dferhalb von Apple geschaffen.<\/p>\n<p>Das ist m\u00f6glich, weil Apple das Betriebssystem kontrolliert. Das Betriebssystem entscheidet, was Programme sehen und d\u00fcrfen. Ist es propriet\u00e4r, hat der Nutzer keinen Einfluss mehr darauf. Er kann lediglich den Hersteller kritisieren und darauf hoffen, dass er Vernunft zeigt.<sup data-fn=\"47f6ed23-d018-434e-be93-10d4b9343d8c\" class=\"fn\"><a href=\"#47f6ed23-d018-434e-be93-10d4b9343d8c\" id=\"47f6ed23-d018-434e-be93-10d4b9343d8c-link\">17<\/a><\/sup> Ob solches Betteln Erfolg hat, ist Gl\u00fcckssache. Jedenfalls wirft es kein gutes Licht auf ein Unternehmen, welches propriet\u00e4re Software ausnutzt, um die Aktivit\u00e4t der eigenen Dienste zu verheimlichen.<\/p>\n<h2 class=\"wp-block-heading\">Datenschutz &amp; Privatsph\u00e4re waren vorgestern<\/h2>\n<div class=\"wp-block-image\">\n<figure class=\"aligncenter size-full\"><a href=\"https:\/\/u-labs.de\/portal\/wp-content\/uploads\/2025\/05\/apple-privacy.avif\"><img loading=\"lazy\" decoding=\"async\" width=\"686\" height=\"340\" src=\"https:\/\/u-labs.de\/portal\/wp-content\/uploads\/2025\/05\/apple-privacy.avif\" alt=\"\" class=\"wp-image-14957\" srcset=\"https:\/\/u-labs.de\/portal\/wp-content\/uploads\/2025\/05\/apple-privacy.avif 686w, https:\/\/u-labs.de\/portal\/wp-content\/uploads\/2025\/05\/apple-privacy-300x149.jpg 300w, https:\/\/u-labs.de\/portal\/wp-content\/uploads\/2025\/05\/apple-privacy-640x317.jpg 640w, https:\/\/u-labs.de\/portal\/wp-content\/uploads\/2025\/05\/apple-privacy-343x170.jpg 343w\" sizes=\"auto, (max-width: 686px) 100vw, 686px\" \/><\/a><\/figure>\n<\/div>\n<p>Bis heute stellt sich Apple als Sch\u00fctzer der Privatsph\u00e4re dar. In einem Werbespot wird das iPhone damit sogar gleichgesetzt: Du wirst beim Surfen beobachtet. Aber wenn du ein Apple-Ger\u00e4t mit Safari nutzt, schaut angeblich keiner mehr zu.<sup data-fn=\"57e45458-6678-43e0-8134-f8810b8e508a\" class=\"fn\"><a href=\"#57e45458-6678-43e0-8134-f8810b8e508a\" id=\"57e45458-6678-43e0-8134-f8810b8e508a-link\">18<\/a><\/sup> Dass das nur bedingt stimmt, ist noch wohlwollend ausgedr\u00fcckt. Bereits vor Jahren wurde der Konzern dabei erwischt, wie pers\u00f6nliche Daten an Apple-Server flie\u00dfen.<sup data-fn=\"d86fbb9f-386d-4782-826d-1704031dd100\" class=\"fn\"><a href=\"#d86fbb9f-386d-4782-826d-1704031dd100\" id=\"d86fbb9f-386d-4782-826d-1704031dd100-link\">19<\/a><\/sup> Dabei ignorieren sie sogar das bewusste Abschalten von Tracking.<sup data-fn=\"a04550ac-80da-4d43-b302-4e5aae2f71e2\" class=\"fn\"><a href=\"#a04550ac-80da-4d43-b302-4e5aae2f71e2\" id=\"a04550ac-80da-4d43-b302-4e5aae2f71e2-link\">20<\/a><\/sup> MacOS und iOS nehmen sich dabei \u00fcbrigens nicht viel. Bereits 2014 wurde z.B. ein neuer Cloudzwang in MacOS beobachtet, der zu unbewusstem &amp; unerw\u00fcnschtem Hochladen auf fremde Systeme f\u00fchrt.<sup data-fn=\"84aaa092-eb20-487d-ab9c-4f46a4ec028b\" class=\"fn\"><a href=\"#84aaa092-eb20-487d-ab9c-4f46a4ec028b\" id=\"84aaa092-eb20-487d-ab9c-4f46a4ec028b-link\">21<\/a><\/sup> Diese Liste lie\u00dfe sich noch um zahlreiche weitere Dienste erg\u00e4nzen.<sup data-fn=\"f94081ad-475c-47b4-9393-dc67b857f2cf\" class=\"fn\"><a href=\"#f94081ad-475c-47b4-9393-dc67b857f2cf\" id=\"f94081ad-475c-47b4-9393-dc67b857f2cf-link\">22<\/a><\/sup><\/p>\n<p>Bis vor einigen Jahren h\u00e4tte man zwei Augen zu dr\u00fccken k\u00f6nnen und sagen: Apple ist zumindest etwas weniger schlimm, als die anderen Datenkranken. Windows sammelt seit geraumer Zeit Unmengen an Daten.<sup data-fn=\"76f44f10-7833-4120-9f4d-a946c6059367\" class=\"fn\"><a href=\"#76f44f10-7833-4120-9f4d-a946c6059367\" id=\"76f44f10-7833-4120-9f4d-a946c6059367-link\">23<\/a><\/sup> Sp\u00e4testens seit 2021 macht sich der Konzern endg\u00fcltig l\u00e4cherlich. Damals k\u00fcndigte das Unternehmen an, Massen\u00fcberwachung in nie dagewesenem Ausma\u00df auf allen Apple-Ger\u00e4ten einzuf\u00fchren: Ein Update soll lokal gespeicherte Daten nach illegaler Pornografie durchsuchen. Im Verdachtsfall sendet es die Daten heimlich an Apple, wodurch m\u00f6glicherweise ein Ermittlungsverfahren angesto\u00dfen wird. Edward Snowden fasste dieses Ma\u00df an nie dagewesener Radikalit\u00e4t in folgendem Satz mehr als Treffend zusammen:<sup data-fn=\"cdcff736-5d02-4bf0-a8d6-eed76c9095e5\" class=\"fn\"><a href=\"#cdcff736-5d02-4bf0-a8d6-eed76c9095e5\" id=\"cdcff736-5d02-4bf0-a8d6-eed76c9095e5-link\">24<\/a><\/sup><\/p>\n<blockquote class=\"wp-block-quote is-layout-flow wp-block-quote-is-layout-flow\">\n<p>Apple hat der Privatsph\u00e4re den Krieg erkl\u00e4rt.<\/p>\n<\/blockquote>\n<h2 class=\"wp-block-heading\">Politische Abh\u00e4ngigkeit<\/h2>\n<p>Jahrelang hat es (zumindest bei den USA) kaum jemanden Interessiert, weil der US-Pr\u00e4sident es mit den fragw\u00fcrdigen bis illegalen Aktionen nicht zu sehr \u00fcbertrieben hat. Naja, bis auf Massen\u00fcberwachung, Hintert\u00fcren, Geheimgef\u00e4ngnisse, Angriffskriege &#8211; aber hey, so lange die anderen noch etwas b\u00f6ser sind, geht das doch doch klar&#8230; Zumindest implizit war das bisher die Denkweise der Meisten.<\/p>\n<p>Bis Anfang 2025 Donald Trump mit Pauken &amp; Trompeten wach r\u00fcttelte. Binnen Wochen hat er die Vereinigten Staaten von Amerika in einer beispiellosen Radikalit\u00e4t umgekrempelt. Die Technik-Konzerne buhlen mit Millionenspenden um die Gunst des Pr\u00e4sidenten. Scheinbar vergeblich.<sup data-fn=\"8d4f6cc5-9a2f-4322-90dd-29d0a5bf47e7\" class=\"fn\"><a href=\"#8d4f6cc5-9a2f-4322-90dd-29d0a5bf47e7\" id=\"8d4f6cc5-9a2f-4322-90dd-29d0a5bf47e7-link\">25<\/a><\/sup> Alles was Trump nicht passt, wird per Dekret abgeschafft. Demokratische Kontrolle ist unerw\u00fcnscht. Der Pr\u00e4sident begnadigt Extremisten und ignoriert Gerichtsurteile. F\u00fcr den DACH-Raum war die Lage in den USA bereits vor ihm \u00fcberaus bedenklich. Die Rechtslage gew\u00e4hrt US-Beh\u00f6rden seit langem umfangreiche Rechte, vor allem gegen\u00fcber Ausl\u00e4ndern.<\/p>\n<p>Unter Donald Trump wird dies noch weitaus extremer. Wer m\u00f6chte seine Daten Konzernen in einem Staat anvertrauen, dessen <em>Pr\u00e4sident<\/em> sich nicht mal mehr an die Verfassung gebunden f\u00fchlt?<sup data-fn=\"a56f2291-09be-4d10-b233-7a2696e659f9\" class=\"fn\"><a href=\"#a56f2291-09be-4d10-b233-7a2696e659f9\" id=\"a56f2291-09be-4d10-b233-7a2696e659f9-link\">26<\/a><\/sup> Der Drang von MacOS &amp; Windows zu den Clouddiensten der Hersteller ist hier nur die Spitze vom Eisberg. Wir haben nicht mehr 5 vor 12, sondern mindestens 10 nach. Das einzig positive dabei: Trump eskaliert nicht diplomatisch &amp; im Geheimen, wie die Vorg\u00e4ngerregierungen. Stattdessen sagt er klar, wie egal ihr ihm seid und dass er salopp gesagt auf alle Regeln schei\u00dft.<\/p>\n<h2 class=\"wp-block-heading\">Fazit<\/h2>\n<p>Eine Alkoholsucht mit Nikotin zu <em>\u00fcberwinden<\/em>, ist denkbar schlecht. Man tauscht eine Abh\u00e4ngigkeit gegen die n\u00e4chste aus. Wer sich aus den Fesseln eines gro\u00dfen Anbieters wie Microsoft befreien m\u00f6chte, findet in macOS keine echte Alternative, sondern ger\u00e4t in eine neue, oft noch restriktivere Abh\u00e4ngigkeit von Apple. Propriet\u00e4re Software benachteiligt den Nutzer auf viele Arten. Selbst Analysen sind schwierig sowie rechtlich zwischen Graubereich und Illegal.<sup data-fn=\"9b37338a-e02a-45be-b218-fdedf0020b95\" class=\"fn\"><a href=\"#9b37338a-e02a-45be-b218-fdedf0020b95\" id=\"9b37338a-e02a-45be-b218-fdedf0020b95-link\">27<\/a><\/sup> Sie sind das Gegenteil von <em>freier Software<\/em>, die dem Nutzer dienen soll und ihm s\u00e4mtliche Freiheiten kompromisslos gew\u00e4hrt.<\/p>\n<p>Bei propriet\u00e4rer Software von Apple oder Microsoft diktieren die Hersteller, welche Einschr\u00e4nkungen gelten. Man kann argumentieren, dass Apple in manchen Punkten wie Werbung noch weniger schlimm ist. Ein weniger schlechtes Betriebssystem ist allerdings l\u00e4ngst nicht gut. Man wechselt lediglich den Diktator, statt durch einen grunds\u00e4tzlichen Systemwechsel die Probleme an der Wurzel zu packen. F\u00fcr echte Unabh\u00e4ngigkeit, Freiheit und Flexibilit\u00e4t bleiben freie Betriebssysteme wie GNU\/Linux der Ma\u00dfstab und damit die beste Wahl. \u00dcberlege also gut, ob du lediglich unfrei unter einem anderen Konzern sein m\u00f6chtest, der aus dir maximal Geld heraus holt. Oder du die Chance f\u00fcr echte, nachhaltige Freiheit nutzt. Der Goldende K\u00e4fig ist nur eine M\u00f6glichkeit, es liegt an dir.<\/p>\n<h2 class=\"wp-block-heading\">Quellen<\/h2>\n<ol class=\"wp-block-footnotes\">\n<li id=\"e3ad2267-93c3-471b-a243-72657f6ec912\"><a href=\"https:\/\/www.finanzen100.de\/top100\/die-grossten-borsennotierten-unternehmen-der-welt\/\" target=\"_blank\" rel=\"nofollow\">https:\/\/www.finanzen100.de\/top100\/die-grossten-borsennotierten-unternehmen-der-welt\/<\/a> <a href=\"#e3ad2267-93c3-471b-a243-72657f6ec912-link\" aria-label=\"Zur Fu\u00dfnotenreferenz 1 navigieren\">\u21a9\ufe0e<\/a><\/li>\n<li id=\"260602cd-6e9d-474c-9c0b-09ff9b0132f8\"><a href=\"https:\/\/www.egovernment.de\/was-ist-proprietaere-software-a-880466\/\" target=\"_blank\" rel=\"nofollow\">https:\/\/www.egovernment.de\/was-ist-proprietaere-software-a-880466\/<\/a> <a href=\"#260602cd-6e9d-474c-9c0b-09ff9b0132f8-link\" aria-label=\"Zur Fu\u00dfnotenreferenz 2 navigieren\">\u21a9\ufe0e<\/a><\/li>\n<li id=\"1991f287-c8aa-4eec-9021-9f2a44773d42\"><a href=\"https:\/\/www.coolblue.de\/beratung\/was-sind-die-update-richtlinien-von-macos-fuer-macbooks.html\" target=\"_blank\" rel=\"nofollow\">https:\/\/www.coolblue.de\/beratung\/was-sind-die-update-richtlinien-von-macos-fuer-macbooks.html<\/a> <a href=\"#1991f287-c8aa-4eec-9021-9f2a44773d42-link\" aria-label=\"Zur Fu\u00dfnotenreferenz 3 navigieren\">\u21a9\ufe0e<\/a><\/li>\n<li id=\"3dc2c623-25ae-4db3-bad7-2bd63b0341d3\"><a href=\"https:\/\/www.trademax24.de\/blog\/ende-der-intel-unterstuetzung-bei-apple-macos-26-als-letzte-intel-version\" target=\"_blank\" rel=\"nofollow\">https:\/\/www.trademax24.de\/blog\/ende-der-intel-unterstuetzung-bei-apple-macos-26-als-letzte-intel-version<\/a> <a href=\"#3dc2c623-25ae-4db3-bad7-2bd63b0341d3-link\" aria-label=\"Zur Fu\u00dfnotenreferenz 4 navigieren\">\u21a9\ufe0e<\/a><\/li>\n<li id=\"1f5a410e-6693-4a8e-8d01-6b836606f2ea\"><a href=\"https:\/\/dortania.github.io\/OpenCore-Legacy-Patcher\/MODELS.html\" target=\"_blank\" rel=\"nofollow\">https:\/\/dortania.github.io\/OpenCore-Legacy-Patcher\/MODELS.html<\/a> <a href=\"#1f5a410e-6693-4a8e-8d01-6b836606f2ea-link\" aria-label=\"Zur Fu\u00dfnotenreferenz 5 navigieren\">\u21a9\ufe0e<\/a><\/li>\n<li id=\"1cb2088b-5793-45c3-8de8-ccf4005b8e85\"><a href=\"https:\/\/macsofa.net\/viewtopic.php?t=1325\" target=\"_blank\" rel=\"nofollow\">https:\/\/macsofa.net\/viewtopic.php?t=1325<\/a> <a href=\"#1cb2088b-5793-45c3-8de8-ccf4005b8e85-link\" aria-label=\"Zur Fu\u00dfnotenreferenz 6 navigieren\">\u21a9\ufe0e<\/a><\/li>\n<li id=\"b8442c6e-21e7-4a25-a06a-177d1c3733fe\"><a href=\"https:\/\/www.heise.de\/news\/Mac-i-Heft-2-2023-jetzt-im-Handel-8191504.html\" target=\"_blank\" rel=\"nofollow\">https:\/\/www.heise.de\/news\/Mac-i-Heft-2-2023-jetzt-im-Handel-8191504.html<\/a> <a href=\"#b8442c6e-21e7-4a25-a06a-177d1c3733fe-link\" aria-label=\"Zur Fu\u00dfnotenreferenz 7 navigieren\">\u21a9\ufe0e<\/a><\/li>\n<li id=\"c161eaeb-1826-49fd-986b-3772dd294f3f\"><a href=\"https:\/\/www.mactechnews.de\/news\/article\/Apple-verdoppelt-Preis-fuer-Speicheraufruestung-bei-manchen-MacBook-Pro-Modellen-175137.html\" target=\"_blank\" rel=\"nofollow\">https:\/\/www.mactechnews.de\/news\/article\/Apple-verdoppelt-Preis-fuer-Speicheraufruestung-bei-manchen-MacBook-Pro-Modellen-175137.html<\/a> <a href=\"#c161eaeb-1826-49fd-986b-3772dd294f3f-link\" aria-label=\"Zur Fu\u00dfnotenreferenz 8 navigieren\">\u21a9\ufe0e<\/a><\/li>\n<li id=\"cb03a2a2-6148-48e7-ad72-1b60bd0be2bc\"><a href=\"https:\/\/winfuture.de\/news,149734.html\" target=\"_blank\" rel=\"nofollow\">https:\/\/winfuture.de\/news,149734.html<\/a> <a href=\"#cb03a2a2-6148-48e7-ad72-1b60bd0be2bc-link\" aria-label=\"Zur Fu\u00dfnotenreferenz 9 navigieren\">\u21a9\ufe0e<\/a><\/li>\n<li id=\"14e15737-e4f3-403b-96a9-149dc9f696c0\"><a href=\"https:\/\/www.apple.com\/de\/shop\/buy-mac\/macbook-air\/15-zoll\" target=\"_blank\" rel=\"nofollow\">https:\/\/www.apple.com\/de\/shop\/buy-mac\/macbook-air\/15-zoll<\/a> <a href=\"#14e15737-e4f3-403b-96a9-149dc9f696c0-link\" aria-label=\"Zur Fu\u00dfnotenreferenz 10 navigieren\">\u21a9\ufe0e<\/a><\/li>\n<li id=\"67817c35-141d-49d4-90a2-9450b45565d0\"><a href=\"https:\/\/www.stern.de\/digital\/smartphones\/apple-sackt-92-prozent-der-gewinne-im-smartphone-markt-ein-6345824.html\" target=\"_blank\" rel=\"nofollow\">https:\/\/www.stern.de\/digital\/smartphones\/apple-sackt-92-prozent-der-gewinne-im-smartphone-markt-ein-6345824.html<\/a> <a href=\"#67817c35-141d-49d4-90a2-9450b45565d0-link\" aria-label=\"Zur Fu\u00dfnotenreferenz 11 navigieren\">\u21a9\ufe0e<\/a><\/li>\n<li id=\"e1a4f0d1-33ce-4e31-8cbd-4d2d3cb5b289\"><a href=\"https:\/\/www.golem.de\/news\/smartphones-apple-macht-weiterhin-mehr-gewinn-als-die-konkurrenz-2308-176457.html\" target=\"_blank\" rel=\"nofollow\">https:\/\/www.golem.de\/news\/smartphones-apple-macht-weiterhin-mehr-gewinn-als-die-konkurrenz-2308-176457.html<\/a> <a href=\"#e1a4f0d1-33ce-4e31-8cbd-4d2d3cb5b289-link\" aria-label=\"Zur Fu\u00dfnotenreferenz 12 navigieren\">\u21a9\ufe0e<\/a><\/li>\n<li id=\"6561aa96-6aac-424a-8710-1861dd5c8279\"><a href=\"https:\/\/www.vice.com\/en\/article\/iphone-7-home-button-unreplaceable-repair-software-lock\/\" target=\"_blank\" rel=\"nofollow\">https:\/\/www.vice.com\/en\/article\/iphone-7-home-button-unreplaceable-repair-software-lock\/<\/a> <a href=\"#6561aa96-6aac-424a-8710-1861dd5c8279-link\" aria-label=\"Zur Fu\u00dfnotenreferenz 13 navigieren\">\u21a9\ufe0e<\/a><\/li>\n<li id=\"ac0444f8-3fe5-45a1-baa0-2bdf362cb713\"><a href=\"https:\/\/web.archive.org\/web\/20231213150111\/https:\/\/www.nytimes.com\/2023\/11\/12\/technology\/iphone-repair-apple-control.html\" target=\"_blank\" rel=\"nofollow\">https:\/\/web.archive.org\/web\/20231213150111\/https:\/\/www.nytimes.com\/2023\/11\/12\/technology\/iphone-repair-apple-control.html<\/a> <a href=\"#ac0444f8-3fe5-45a1-baa0-2bdf362cb713-link\" aria-label=\"Zur Fu\u00dfnotenreferenz 14 navigieren\">\u21a9\ufe0e<\/a><\/li>\n<li id=\"6b80d20d-4f03-4dc7-99a9-7e65d21c8ccd\"><a href=\"https:\/\/www.theguardian.com\/technology\/2018\/oct\/24\/apple-samsung-fined-for-slowing-down-phones\" target=\"_blank\" rel=\"nofollow\">https:\/\/www.theguardian.com\/technology\/2018\/oct\/24\/apple-samsung-fined-for-slowing-down-phones<\/a> <a href=\"#6b80d20d-4f03-4dc7-99a9-7e65d21c8ccd-link\" aria-label=\"Zur Fu\u00dfnotenreferenz 15 navigieren\">\u21a9\ufe0e<\/a><\/li>\n<li id=\"3eab5b09-d0fc-4f68-92c4-1093cf75cb53\"><a href=\"https:\/\/www.ifun.de\/little-snitch-5-vorerst-chancenlos-gegen-apples-extrawurst-161837\/\" target=\"_blank\" rel=\"nofollow\">https:\/\/www.ifun.de\/little-snitch-5-vorerst-chancenlos-gegen-apples-extrawurst-161837\/<\/a> <a href=\"#3eab5b09-d0fc-4f68-92c4-1093cf75cb53-link\" aria-label=\"Zur Fu\u00dfnotenreferenz 16 navigieren\">\u21a9\ufe0e<\/a><\/li>\n<li id=\"47f6ed23-d018-434e-be93-10d4b9343d8c\"><a href=\"https:\/\/www.ifun.de\/arrogante-sonderrechte-apple-laesst-sich-von-keiner-firewall-aufhalten-161182\/\" target=\"_blank\" rel=\"nofollow\">https:\/\/www.ifun.de\/arrogante-sonderrechte-apple-laesst-sich-von-keiner-firewall-aufhalten-161182\/<\/a> <a href=\"#47f6ed23-d018-434e-be93-10d4b9343d8c-link\" aria-label=\"Zur Fu\u00dfnotenreferenz 17 navigieren\">\u21a9\ufe0e<\/a><\/li>\n<li id=\"57e45458-6678-43e0-8134-f8810b8e508a\"><a href=\"https:\/\/www.youtube.com\/watch?v=LFLuxdaJsQg\" target=\"_blank\" rel=\"nofollow\">https:\/\/www.youtube.com\/watch?v=LFLuxdaJsQg<\/a> <a href=\"#57e45458-6678-43e0-8134-f8810b8e508a-link\" aria-label=\"Zur Fu\u00dfnotenreferenz 18 navigieren\">\u21a9\ufe0e<\/a><\/li>\n<li id=\"d86fbb9f-386d-4782-826d-1704031dd100\"><a href=\"https:\/\/theintercept.com\/2016\/11\/17\/iphones-secretly-send-call-history-to-apple-security-firm-says\/\" target=\"_blank\" rel=\"nofollow\">https:\/\/theintercept.com\/2016\/11\/17\/iphones-secretly-send-call-history-to-apple-security-firm-says\/<\/a> <a href=\"#d86fbb9f-386d-4782-826d-1704031dd100-link\" aria-label=\"Zur Fu\u00dfnotenreferenz 19 navigieren\">\u21a9\ufe0e<\/a><\/li>\n<li id=\"a04550ac-80da-4d43-b302-4e5aae2f71e2\"><a href=\"https:\/\/web.archive.org\/web\/20230101185726\/https:\/\/gizmodo.com\/apple-iphone-analytics-tracking-even-when-off-app-store-1849757558\" target=\"_blank\" rel=\"nofollow\">https:\/\/web.archive.org\/web\/20230101185726\/https:\/\/gizmodo.com\/apple-iphone-analytics-tracking-even-when-off-app-store-1849757558<\/a> <a href=\"#a04550ac-80da-4d43-b302-4e5aae2f71e2-link\" aria-label=\"Zur Fu\u00dfnotenreferenz 20 navigieren\">\u21a9\ufe0e<\/a><\/li>\n<li id=\"84aaa092-eb20-487d-ab9c-4f46a4ec028b\"><a href=\"https:\/\/www.theguardian.com\/technology\/2014\/nov\/04\/apple-data-privacy-icloud\" target=\"_blank\" rel=\"nofollow\">https:\/\/www.theguardian.com\/technology\/2014\/nov\/04\/apple-data-privacy-icloud<\/a> <a href=\"#84aaa092-eb20-487d-ab9c-4f46a4ec028b-link\" aria-label=\"Zur Fu\u00dfnotenreferenz 21 navigieren\">\u21a9\ufe0e<\/a><\/li>\n<li id=\"f94081ad-475c-47b4-9393-dc67b857f2cf\"><a href=\"https:\/\/www.gnu.org\/proprietary\/malware-apple.html#surveillance\" target=\"_blank\" rel=\"nofollow\">https:\/\/www.gnu.org\/proprietary\/malware-apple.html#surveillance<\/a> <a href=\"#f94081ad-475c-47b4-9393-dc67b857f2cf-link\" aria-label=\"Zur Fu\u00dfnotenreferenz 22 navigieren\">\u21a9\ufe0e<\/a><\/li>\n<li id=\"76f44f10-7833-4120-9f4d-a946c6059367\"><a href=\"https:\/\/www.computerwoche.de\/article\/2820727\/spioniert-windows-11-sie-aus.html\" target=\"_blank\" rel=\"nofollow\">https:\/\/www.computerwoche.de\/article\/2820727\/spioniert-windows-11-sie-aus.html<\/a> <a href=\"#76f44f10-7833-4120-9f4d-a946c6059367-link\" aria-label=\"Zur Fu\u00dfnotenreferenz 23 navigieren\">\u21a9\ufe0e<\/a><\/li>\n<li id=\"cdcff736-5d02-4bf0-a8d6-eed76c9095e5\"><a href=\"https:\/\/netzpolitik.org\/2021\/edward-snowden-apple-hat-der-privatsphaere-den-krieg-erklaert\/\" target=\"_blank\" rel=\"nofollow\">https:\/\/netzpolitik.org\/2021\/edward-snowden-apple-hat-der-privatsphaere-den-krieg-erklaert\/<\/a> <a href=\"#cdcff736-5d02-4bf0-a8d6-eed76c9095e5-link\" aria-label=\"Zur Fu\u00dfnotenreferenz 24 navigieren\">\u21a9\ufe0e<\/a><\/li>\n<li id=\"8d4f6cc5-9a2f-4322-90dd-29d0a5bf47e7\"><a href=\"https:\/\/winfuture.de\/news,150158.html\" target=\"_blank\" rel=\"nofollow\">https:\/\/winfuture.de\/news,150158.html<\/a> <a href=\"#8d4f6cc5-9a2f-4322-90dd-29d0a5bf47e7-link\" aria-label=\"Zur Fu\u00dfnotenreferenz 25 navigieren\">\u21a9\ufe0e<\/a><\/li>\n<li id=\"a56f2291-09be-4d10-b233-7a2696e659f9\"><a href=\"https:\/\/www.tagesspiegel.de\/internationales\/ich-weiss-es-nicht-donald-trump-ist-sich-angeblich-unsicher-ob-er-sich-an-die-verfassung-halten-muss-13636573.html\" target=\"_blank\" rel=\"nofollow\">https:\/\/www.tagesspiegel.de\/internationales\/ich-weiss-es-nicht-donald-trump-ist-sich-angeblich-unsicher-ob-er-sich-an-die-verfassung-halten-muss-13636573.html<\/a> <a href=\"#a56f2291-09be-4d10-b233-7a2696e659f9-link\" aria-label=\"Zur Fu\u00dfnotenreferenz 26 navigieren\">\u21a9\ufe0e<\/a><\/li>\n<li id=\"9b37338a-e02a-45be-b218-fdedf0020b95\"><a href=\"https:\/\/boingboing.net\/2017\/11\/25\/la-la-la-cant-hear-you.html\" target=\"_blank\" rel=\"nofollow\">https:\/\/boingboing.net\/2017\/11\/25\/la-la-la-cant-hear-you.html<\/a> <a href=\"#9b37338a-e02a-45be-b218-fdedf0020b95-link\" aria-label=\"Zur Fu\u00dfnotenreferenz 27 navigieren\">\u21a9\ufe0e<\/a><\/li>\n<\/ol>\n","protected":false},"excerpt":{"rendered":"<p>Windows 10 stirbt f\u00fcr die meisten Nutzer im Oktober 2025. Das stark umstrittene Windows 11 ist dabei keineswegs so alternativlos, wie der Konzern es gerne behauptet. Doch nicht alle Alternativen sind tats\u00e4chlich der Weg raus aus der Abh\u00e4ngigkeit &amp; den damit einhergehenden G\u00e4ngelungen, die Windows-Nutzer hassen. Mit einen Wechsel zum gr\u00f6\u00dften Konkurrenten macht man sogar &#8230;<\/p>\n","protected":false},"author":5,"featured_media":15711,"comment_status":"open","ping_status":"open","sticky":false,"template":"","format":"standard","meta":{"footnotes":"[{\"content\":\"<a href=\\\"https:\/\/www.finanzen100.de\/top100\/die-grossten-borsennotierten-unternehmen-der-welt\/\\\">https:\/\/www.finanzen100.de\/top100\/die-grossten-borsennotierten-unternehmen-der-welt\/<\/a>\",\"id\":\"e3ad2267-93c3-471b-a243-72657f6ec912\"},{\"content\":\"<a href=\\\"https:\/\/www.egovernment.de\/was-ist-proprietaere-software-a-880466\/\\\">https:\/\/www.egovernment.de\/was-ist-proprietaere-software-a-880466\/<\/a>\",\"id\":\"260602cd-6e9d-474c-9c0b-09ff9b0132f8\"},{\"content\":\"<a href=\\\"https:\/\/www.coolblue.de\/beratung\/was-sind-die-update-richtlinien-von-macos-fuer-macbooks.html\\\">https:\/\/www.coolblue.de\/beratung\/was-sind-die-update-richtlinien-von-macos-fuer-macbooks.html<\/a>\",\"id\":\"1991f287-c8aa-4eec-9021-9f2a44773d42\"},{\"content\":\"<a href=\\\"https:\/\/www.trademax24.de\/blog\/ende-der-intel-unterstuetzung-bei-apple-macos-26-als-letzte-intel-version\\\">https:\/\/www.trademax24.de\/blog\/ende-der-intel-unterstuetzung-bei-apple-macos-26-als-letzte-intel-version<\/a>\",\"id\":\"3dc2c623-25ae-4db3-bad7-2bd63b0341d3\"},{\"content\":\"<a href=\\\"https:\/\/dortania.github.io\/OpenCore-Legacy-Patcher\/MODELS.html\\\">https:\/\/dortania.github.io\/OpenCore-Legacy-Patcher\/MODELS.html<\/a>\",\"id\":\"1f5a410e-6693-4a8e-8d01-6b836606f2ea\"},{\"content\":\"<a href=\\\"https:\/\/macsofa.net\/viewtopic.php?t=1325\\\">https:\/\/macsofa.net\/viewtopic.php?t=1325<\/a>\",\"id\":\"1cb2088b-5793-45c3-8de8-ccf4005b8e85\"},{\"content\":\"<a href=\\\"https:\/\/www.heise.de\/news\/Mac-i-Heft-2-2023-jetzt-im-Handel-8191504.html\\\">https:\/\/www.heise.de\/news\/Mac-i-Heft-2-2023-jetzt-im-Handel-8191504.html<\/a>\",\"id\":\"b8442c6e-21e7-4a25-a06a-177d1c3733fe\"},{\"content\":\"<a href=\\\"https:\/\/www.mactechnews.de\/news\/article\/Apple-verdoppelt-Preis-fuer-Speicheraufruestung-bei-manchen-MacBook-Pro-Modellen-175137.html\\\">https:\/\/www.mactechnews.de\/news\/article\/Apple-verdoppelt-Preis-fuer-Speicheraufruestung-bei-manchen-MacBook-Pro-Modellen-175137.html<\/a>\",\"id\":\"c161eaeb-1826-49fd-986b-3772dd294f3f\"},{\"content\":\"<a href=\\\"https:\/\/winfuture.de\/news,149734.html\\\">https:\/\/winfuture.de\/news,149734.html<\/a>\",\"id\":\"cb03a2a2-6148-48e7-ad72-1b60bd0be2bc\"},{\"content\":\"<a href=\\\"https:\/\/www.apple.com\/de\/shop\/buy-mac\/macbook-air\/15-zoll\\\">https:\/\/www.apple.com\/de\/shop\/buy-mac\/macbook-air\/15-zoll<\/a>\",\"id\":\"14e15737-e4f3-403b-96a9-149dc9f696c0\"},{\"content\":\"<a href=\\\"https:\/\/www.stern.de\/digital\/smartphones\/apple-sackt-92-prozent-der-gewinne-im-smartphone-markt-ein-6345824.html\\\">https:\/\/www.stern.de\/digital\/smartphones\/apple-sackt-92-prozent-der-gewinne-im-smartphone-markt-ein-6345824.html<\/a>\",\"id\":\"67817c35-141d-49d4-90a2-9450b45565d0\"},{\"content\":\"<a href=\\\"https:\/\/www.golem.de\/news\/smartphones-apple-macht-weiterhin-mehr-gewinn-als-die-konkurrenz-2308-176457.html\\\">https:\/\/www.golem.de\/news\/smartphones-apple-macht-weiterhin-mehr-gewinn-als-die-konkurrenz-2308-176457.html<\/a>\",\"id\":\"e1a4f0d1-33ce-4e31-8cbd-4d2d3cb5b289\"},{\"content\":\"<a href=\\\"https:\/\/www.vice.com\/en\/article\/iphone-7-home-button-unreplaceable-repair-software-lock\/\\\">https:\/\/www.vice.com\/en\/article\/iphone-7-home-button-unreplaceable-repair-software-lock\/<\/a>\",\"id\":\"6561aa96-6aac-424a-8710-1861dd5c8279\"},{\"content\":\"<a href=\\\"https:\/\/web.archive.org\/web\/20231213150111\/https:\/\/www.nytimes.com\/2023\/11\/12\/technology\/iphone-repair-apple-control.html\\\">https:\/\/web.archive.org\/web\/20231213150111\/https:\/\/www.nytimes.com\/2023\/11\/12\/technology\/iphone-repair-apple-control.html<\/a>\",\"id\":\"ac0444f8-3fe5-45a1-baa0-2bdf362cb713\"},{\"content\":\"<a href=\\\"https:\/\/www.theguardian.com\/technology\/2018\/oct\/24\/apple-samsung-fined-for-slowing-down-phones\\\">https:\/\/www.theguardian.com\/technology\/2018\/oct\/24\/apple-samsung-fined-for-slowing-down-phones<\/a>\",\"id\":\"6b80d20d-4f03-4dc7-99a9-7e65d21c8ccd\"},{\"content\":\"<a href=\\\"https:\/\/www.ifun.de\/little-snitch-5-vorerst-chancenlos-gegen-apples-extrawurst-161837\/\\\">https:\/\/www.ifun.de\/little-snitch-5-vorerst-chancenlos-gegen-apples-extrawurst-161837\/<\/a>\",\"id\":\"3eab5b09-d0fc-4f68-92c4-1093cf75cb53\"},{\"content\":\"<a href=\\\"https:\/\/www.ifun.de\/arrogante-sonderrechte-apple-laesst-sich-von-keiner-firewall-aufhalten-161182\/\\\">https:\/\/www.ifun.de\/arrogante-sonderrechte-apple-laesst-sich-von-keiner-firewall-aufhalten-161182\/<\/a>\",\"id\":\"47f6ed23-d018-434e-be93-10d4b9343d8c\"},{\"content\":\"<a href=\\\"https:\/\/www.youtube.com\/watch?v=LFLuxdaJsQg\\\">https:\/\/www.youtube.com\/watch?v=LFLuxdaJsQg<\/a>\",\"id\":\"57e45458-6678-43e0-8134-f8810b8e508a\"},{\"content\":\"<a href=\\\"https:\/\/theintercept.com\/2016\/11\/17\/iphones-secretly-send-call-history-to-apple-security-firm-says\/\\\">https:\/\/theintercept.com\/2016\/11\/17\/iphones-secretly-send-call-history-to-apple-security-firm-says\/<\/a>\",\"id\":\"d86fbb9f-386d-4782-826d-1704031dd100\"},{\"content\":\"<a href=\\\"https:\/\/web.archive.org\/web\/20230101185726\/https:\/\/gizmodo.com\/apple-iphone-analytics-tracking-even-when-off-app-store-1849757558\\\">https:\/\/web.archive.org\/web\/20230101185726\/https:\/\/gizmodo.com\/apple-iphone-analytics-tracking-even-when-off-app-store-1849757558<\/a>\",\"id\":\"a04550ac-80da-4d43-b302-4e5aae2f71e2\"},{\"content\":\"<a href=\\\"https:\/\/www.theguardian.com\/technology\/2014\/nov\/04\/apple-data-privacy-icloud\\\">https:\/\/www.theguardian.com\/technology\/2014\/nov\/04\/apple-data-privacy-icloud<\/a>\",\"id\":\"84aaa092-eb20-487d-ab9c-4f46a4ec028b\"},{\"content\":\"<a href=\\\"https:\/\/www.gnu.org\/proprietary\/malware-apple.html#surveillance\\\">https:\/\/www.gnu.org\/proprietary\/malware-apple.html#surveillance<\/a>\",\"id\":\"f94081ad-475c-47b4-9393-dc67b857f2cf\"},{\"content\":\"<a href=\\\"https:\/\/www.computerwoche.de\/article\/2820727\/spioniert-windows-11-sie-aus.html\\\">https:\/\/www.computerwoche.de\/article\/2820727\/spioniert-windows-11-sie-aus.html<\/a>\",\"id\":\"76f44f10-7833-4120-9f4d-a946c6059367\"},{\"content\":\"<a href=\\\"https:\/\/netzpolitik.org\/2021\/edward-snowden-apple-hat-der-privatsphaere-den-krieg-erklaert\/\\\">https:\/\/netzpolitik.org\/2021\/edward-snowden-apple-hat-der-privatsphaere-den-krieg-erklaert\/<\/a>\",\"id\":\"cdcff736-5d02-4bf0-a8d6-eed76c9095e5\"},{\"content\":\"<a href=\\\"https:\/\/winfuture.de\/news,150158.html\\\">https:\/\/winfuture.de\/news,150158.html<\/a>\",\"id\":\"8d4f6cc5-9a2f-4322-90dd-29d0a5bf47e7\"},{\"content\":\"<a href=\\\"https:\/\/www.tagesspiegel.de\/internationales\/ich-weiss-es-nicht-donald-trump-ist-sich-angeblich-unsicher-ob-er-sich-an-die-verfassung-halten-muss-13636573.html\\\">https:\/\/www.tagesspiegel.de\/internationales\/ich-weiss-es-nicht-donald-trump-ist-sich-angeblich-unsicher-ob-er-sich-an-die-verfassung-halten-muss-13636573.html<\/a>\",\"id\":\"a56f2291-09be-4d10-b233-7a2696e659f9\"},{\"content\":\"<a href=\\\"https:\/\/boingboing.net\/2017\/11\/25\/la-la-la-cant-hear-you.html\\\">https:\/\/boingboing.net\/2017\/11\/25\/la-la-la-cant-hear-you.html<\/a>\",\"id\":\"9b37338a-e02a-45be-b218-fdedf0020b95\"}]"},"categories":[91],"tags":[405],"class_list":["post-14933","post","type-post","status-publish","format-standard","has-post-thumbnail","hentry","category-windows","tag-apple"],"_links":{"self":[{"href":"https:\/\/u-labs.de\/portal\/wp-json\/wp\/v2\/posts\/14933","targetHints":{"allow":["GET"]}}],"collection":[{"href":"https:\/\/u-labs.de\/portal\/wp-json\/wp\/v2\/posts"}],"about":[{"href":"https:\/\/u-labs.de\/portal\/wp-json\/wp\/v2\/types\/post"}],"author":[{"embeddable":true,"href":"https:\/\/u-labs.de\/portal\/wp-json\/wp\/v2\/users\/5"}],"replies":[{"embeddable":true,"href":"https:\/\/u-labs.de\/portal\/wp-json\/wp\/v2\/comments?post=14933"}],"version-history":[{"count":47,"href":"https:\/\/u-labs.de\/portal\/wp-json\/wp\/v2\/posts\/14933\/revisions"}],"predecessor-version":[{"id":15722,"href":"https:\/\/u-labs.de\/portal\/wp-json\/wp\/v2\/posts\/14933\/revisions\/15722"}],"wp:featuredmedia":[{"embeddable":true,"href":"https:\/\/u-labs.de\/portal\/wp-json\/wp\/v2\/media\/15711"}],"wp:attachment":[{"href":"https:\/\/u-labs.de\/portal\/wp-json\/wp\/v2\/media?parent=14933"}],"wp:term":[{"taxonomy":"category","embeddable":true,"href":"https:\/\/u-labs.de\/portal\/wp-json\/wp\/v2\/categories?post=14933"},{"taxonomy":"post_tag","embeddable":true,"href":"https:\/\/u-labs.de\/portal\/wp-json\/wp\/v2\/tags?post=14933"}],"curies":[{"name":"wp","href":"https:\/\/api.w.org\/{rel}","templated":true}]}}