{"id":14975,"date":"2025-05-22T22:33:50","date_gmt":"2025-05-22T20:33:50","guid":{"rendered":"https:\/\/u-labs.de\/portal\/?p=14975"},"modified":"2025-05-22T22:39:17","modified_gmt":"2025-05-22T20:39:17","slug":"ms-manager-hassen-windows","status":"publish","type":"post","link":"https:\/\/u-labs.de\/portal\/ms-manager-hassen-windows\/","title":{"rendered":"Selbst Microsofts F\u00fchrungskr\u00e4fte hassen Windows"},"content":{"rendered":"<p>Zuerst haben sich Windows-Fans \u00fcber die Skrupellosigkeit des Konzerns ge\u00e4rgert. Nun trauen sich selbst Mitarbeiter des Konzerns, ihre Abneigung offen auszusprechen. Noch vor wenigen Jahren w\u00e4re ein solches Outing undenkbar gewesen und h\u00e4tte zur sofortigen K\u00fcndigung gef\u00fchrt. Insbesondere, nachdem besagte F\u00fchrungskraft zugibt, lieber das Betriebssystem eines Konkurrenten zu nutzen. Das ist beim genaueren Hinsehen allerdings ein Wolf im Schafspelz.<\/p>\n<div class=\"wp-block-image\">\n<figure class=\"aligncenter size-full\"><a href=\"https:\/\/u-labs.de\/portal\/wp-content\/uploads\/2025\/05\/ms-maanger-windows.avif\"><img loading=\"lazy\" decoding=\"async\" width=\"582\" height=\"615\" src=\"https:\/\/u-labs.de\/portal\/wp-content\/uploads\/2025\/05\/ms-maanger-windows.avif\" alt=\"\" class=\"wp-image-14917\" srcset=\"https:\/\/u-labs.de\/portal\/wp-content\/uploads\/2025\/05\/ms-maanger-windows.avif 582w, https:\/\/u-labs.de\/portal\/wp-content\/uploads\/2025\/05\/ms-maanger-windows-284x300.jpg 284w, https:\/\/u-labs.de\/portal\/wp-content\/uploads\/2025\/05\/ms-maanger-windows-341x360.jpg 341w, https:\/\/u-labs.de\/portal\/wp-content\/uploads\/2025\/05\/ms-maanger-windows-161x170.jpg 161w\" sizes=\"auto, (max-width: 582px) 100vw, 582px\" \/><\/a><\/figure>\n<\/div>\n<p>Merill Fernando (Product Manager bei Microsoft) wurde im April 2025 ber\u00fchmt, nachdem er obigen Beitrag auf X\/Twitter ver\u00f6ffentlicht hatte. Das Bild soll beschreiben, wie er sich f\u00fchlt, wenn nach einer Stunde gezwungener Windows-Nutzung zu Apples MacOS zur\u00fcckgekehrt wird. Offensichtlich findet er Apples Betriebssystem deutlich besser, als das seines Arbeitgebers. Der Post hat derzeit \u00fcber 727.000 Aufrufe. Im Zuge der starken Reichweite erg\u00e4nzt Fernando sp\u00e4ter weitere Details, darunter ein Bild seines Arbeitsplatzes.<sup data-fn=\"74027677-7bd3-43f2-aafd-2edca25f1e2c\" class=\"fn\"><a href=\"#74027677-7bd3-43f2-aafd-2edca25f1e2c\" id=\"74027677-7bd3-43f2-aafd-2edca25f1e2c-link\">1<\/a><\/sup><sup data-fn=\"5f9697df-752e-408a-b9c4-a31f7c61be61\" class=\"fn\"><a href=\"#5f9697df-752e-408a-b9c4-a31f7c61be61\" id=\"5f9697df-752e-408a-b9c4-a31f7c61be61-link\">2<\/a><\/sup><\/p>\n<p>Dieser besteht aus einem privaten Mac sowie einem beruflich genutzten Apple-Notebook. Letzterer stammt von Microsoft. Viele Angestellte in der IT k\u00f6nnen frei w\u00e4hlen, ob sie GNU\/Linux, Windows oder MacOS als Betriebssystem einsetzen. Wer Sicherheit ernst nimmt, verbietet Windows, wie etwa GitLab. Der Manager Fernando nutzt prim\u00e4r Apples MacOS. Falls es technisch f\u00fcr seine T\u00e4tigkeit notwendig ist, kann er auf einen Microsoft Surface Laptop sowie eine virtuelle Maschine in der Cloud zugreifen. Zus\u00e4tzlich l\u00e4uft auf dem Apple-Notebook mehrere VMs mit Windows 11 und Ubuntu.<\/p>\n<p>In den Antworten kommentiert er: Ballmer h\u00e4tte ihn f\u00fcr diesen Tweet gefeuert.<sup data-fn=\"5d915dab-1bb7-46a6-b973-c8fee63fb62f\" class=\"fn\"><a href=\"#5d915dab-1bb7-46a6-b973-c8fee63fb62f\" id=\"5d915dab-1bb7-46a6-b973-c8fee63fb62f-link\">3<\/a><\/sup> Gemeint ist Steve Ballmer, der bis 2014 CEO von Microsoft war. Nachdem Bill Gates durch eine historische Klage zum Marktmissbrauch von Microsoft als F\u00fchrungskraft untragbar wurde, \u00fcbernahm Steve Ballmer im Jahr 2000.<sup data-fn=\"1a912913-968a-4914-86c7-9b22c8692f0c\" class=\"fn\"><a href=\"#1a912913-968a-4914-86c7-9b22c8692f0c\" id=\"1a912913-968a-4914-86c7-9b22c8692f0c-link\">4<\/a><\/sup><\/p>\n<div class=\"wp-block-image\">\n<figure class=\"aligncenter size-full\"><a href=\"https:\/\/u-labs.de\/portal\/wp-content\/uploads\/2025\/05\/ballmer-gefeuert.avif\"><img loading=\"lazy\" decoding=\"async\" width=\"581\" height=\"209\" src=\"https:\/\/u-labs.de\/portal\/wp-content\/uploads\/2025\/05\/ballmer-gefeuert.avif\" alt=\"\" class=\"wp-image-14919\" srcset=\"https:\/\/u-labs.de\/portal\/wp-content\/uploads\/2025\/05\/ballmer-gefeuert.avif 581w, https:\/\/u-labs.de\/portal\/wp-content\/uploads\/2025\/05\/ballmer-gefeuert-300x108.jpg 300w, https:\/\/u-labs.de\/portal\/wp-content\/uploads\/2025\/05\/ballmer-gefeuert-473x170.jpg 473w\" sizes=\"auto, (max-width: 581px) 100vw, 581px\" \/><\/a><\/figure>\n<\/div>\n<h2 class=\"wp-block-heading\">MacOS als Scheinl\u00f6sung gegen Windows<\/h2>\n<p>Mit Windows 10 begann Microsoft schrittweise mit der Entmachtung der Nutzer und einer stark gesunkenen Softwarequalit\u00e4t. Der bisherige Tiefpunkt ist Windows 11, wodurch Betroffene zunehmend aufwachen. Sie suchen nach Alternativen. W\u00e4hrend viele GNU\/Linux als freies Betriebssystem entdecken, setzt ein Teil auf MacOS. Mit Merill Fernando hat diese Minderheit einen prominenten Vertreter gewonnen, der sogar f\u00fcr die Konkurrenz arbeitet.<\/p>\n<p>Dieser Begeisterung kann ich wenig abgewinnen. Zun\u00e4chst ist MacOS propriet\u00e4re Software, wie Windows. Wesentlicher Unterschied: Hier bestimmt Apple, was der Nutzer damit machen darf &#8211; statt Microsoft. Das Grundproblem unfreier Software wird nicht gel\u00f6st. Man hat einen Diktator gegen einen anderen ausgetauscht, statt die Diktatur als falsches System in Frage zu stellen.<\/p>\n<p>Dementsprechend gibt es bei MacOS auch gen\u00fcgend Einschr\u00e4nkungen &amp; Probleme, ein paar Beispiele:<\/p>\n<ul class=\"wp-block-list\">\n<li>Apple bestimmt, wie lange ein MacBook neue Betriebssystemversionen erh\u00e4lt. In dieser Hinsicht sind sie sogar schlimmer als Microsoft: Beim Kauf ist unklar, wie lange ein Ger\u00e4t noch unterst\u00fctzt wird. Erfahrungswerte gehen von ca. 7 Jahren aus. Derzeit alle Modelle ab 2018.<sup data-fn=\"c9f6af56-4176-4348-9ebe-67ead5cc1c84\" class=\"fn\"><a href=\"#c9f6af56-4176-4348-9ebe-67ead5cc1c84\" id=\"c9f6af56-4176-4348-9ebe-67ead5cc1c84-link\">5<\/a><\/sup> Kommt euch das bekannt vor? Sollte es, Microsoft hat die Windows 11 Obsoleszenz von Apple kopiert.<\/li>\n<li>2021 erkl\u00e4rte Apple, freiwillig ohne Rechtsgrundlage die lokalen Daten auf Ger\u00e4ten ihrer Kunden durchsuchen zu wollen. Damit w\u00e4re die Unschuldsvermutung aufgehoben. Edward Snowden kommentierte dies treffend mit: &#8222;Apple hat der Privatsph\u00e4re den Krieg erkl\u00e4rt&#8220;.<sup data-fn=\"c4f8dbfc-5949-4cb1-bfde-1b5b52447a3b\" class=\"fn\"><a href=\"#c4f8dbfc-5949-4cb1-bfde-1b5b52447a3b\" id=\"c4f8dbfc-5949-4cb1-bfde-1b5b52447a3b-link\">6<\/a><\/sup><\/li>\n<li>Wer mehr Speicher m\u00f6chte, muss beispiellos unversch\u00e4mte Aufpreise bezahlen: 250 \u20ac f\u00fcr 8 GB Arbeitsspeicher sind keine Seltenheit.<sup data-fn=\"c242146b-6c37-47c7-9101-87698073f55b\" class=\"fn\"><a href=\"#c242146b-6c37-47c7-9101-87698073f55b\" id=\"c242146b-6c37-47c7-9101-87698073f55b-link\">7<\/a><\/sup> Das ist ein Vielfaches dessen, was der Speicher selbst f\u00fcr Privatkunden kostet. Zur Kr\u00f6nung erh\u00f6ht Apple diese Mondpreise zudem immer wieder.<sup data-fn=\"ed5dde16-d36e-40e7-9e18-bd89aac85c05\" class=\"fn\"><a href=\"#ed5dde16-d36e-40e7-9e18-bd89aac85c05\" id=\"ed5dde16-d36e-40e7-9e18-bd89aac85c05-link\">8<\/a><\/sup><\/li>\n<li>Kunden haben innerhalb des MacOS-Universums keine Wahl, da Hardware verl\u00f6tet &amp; per DRM k\u00fcnstlich zugenagelt wird. Mal eben f\u00fcr wenige Euro einen zweiten RAM-Riegel einbauen, wie es bei PCs m\u00f6glich ist, hat Apple zerst\u00f6rt.<\/li>\n<li>Da Apple auch bei der Hardware eine Monopolstellung hat, gibt es keine Alternativen Hersteller, wie im PC-Bereich. Nutzer m\u00fcssen entweder unliebsame \u00c4nderungen schlucken, oder komplett wechseln.<\/li>\n<li>Das Ungleichgewicht nutzt Apple auch im Betriebssystem aus, um ihren eigenen Anwendungen Sonderrechte zu gew\u00e4hren.<sup data-fn=\"21633a78-b370-4729-8b87-3d83e7750761\" class=\"fn\"><a href=\"#21633a78-b370-4729-8b87-3d83e7750761\" id=\"21633a78-b370-4729-8b87-3d83e7750761-link\">9<\/a><\/sup><sup data-fn=\"839c23f5-d23f-4007-b91e-d940c7a2aba2\" class=\"fn\"><a href=\"#839c23f5-d23f-4007-b91e-d940c7a2aba2\" id=\"839c23f5-d23f-4007-b91e-d940c7a2aba2-link\">10<\/a><\/sup> Dies schr\u00e4nkt die Freiheit der Nutzer weiter ein und schw\u00e4cht sogar die Sicherheit.<sup data-fn=\"c111a534-518d-492d-9e3b-576849d5b8e2\" class=\"fn\"><a href=\"#c111a534-518d-492d-9e3b-576849d5b8e2\" id=\"c111a534-518d-492d-9e3b-576849d5b8e2-link\">11<\/a><\/sup><\/li>\n<\/ul>\n<h2 class=\"wp-block-heading\">Fazit: Unterschiedlich schlecht<\/h2>\n<p>Microsoft konnte selbst seinen Fans lange Zeit ungestraft in den Hintern treten. Doch dort wird das langsam, aber zunehmend realisiert &#8211; selbst f\u00fcr die eigenen Mitarbeiter ist Windows l\u00e4ngst nicht mehr die erste Wahl. Getreu dem Motto <em>besser sp\u00e4t als nie<\/em> sind alle, die Windows noch immer nutzen, gut beraten, sich aus den Fesseln des Quasi-Monopolisten zu befreien.<\/p>\n<p>Apple mag verlockend einfach erscheinen. Lediglich den Peiniger auszutauschen, schafft bestenfalls derzeit etwas weniger Probleme &#8211; jedoch keine wirkliche Freiheit. Das ist wie wenn ein Raucher zum Alkoholiker wird: Beides ist nicht gut, sondern blo\u00df unterschiedlich schlecht. Nur freie Software stellt den Nutzer an erster Stelle, statt Firmenpolitik, Abh\u00e4ngigkeit &amp; knallhartem Gewinnstreben.<\/p>\n<h2 class=\"wp-block-heading\">Quellen<\/h2>\n<ol class=\"wp-block-footnotes\">\n<li id=\"74027677-7bd3-43f2-aafd-2edca25f1e2c\"><a href=\"https:\/\/x.com\/merill\/status\/1913926468255522970\" target=\"_blank\" rel=\"nofollow\">https:\/\/x.com\/merill\/status\/1913926468255522970<\/a> <a href=\"#74027677-7bd3-43f2-aafd-2edca25f1e2c-link\" aria-label=\"Zur Fu\u00dfnotenreferenz 1 navigieren\">\u21a9\ufe0e<\/a><\/li>\n<li id=\"5f9697df-752e-408a-b9c4-a31f7c61be61\"><a href=\"https:\/\/x.com\/merill\/status\/1914280356813131951\/photo\/1\" target=\"_blank\" rel=\"nofollow\">https:\/\/x.com\/merill\/status\/1914280356813131951\/photo\/1<\/a> <a href=\"#5f9697df-752e-408a-b9c4-a31f7c61be61-link\" aria-label=\"Zur Fu\u00dfnotenreferenz 2 navigieren\">\u21a9\ufe0e<\/a><\/li>\n<li id=\"5d915dab-1bb7-46a6-b973-c8fee63fb62f\"><a href=\"https:\/\/x.com\/merill\/status\/1913928571648962705\" target=\"_blank\" rel=\"nofollow\">https:\/\/x.com\/merill\/status\/1913928571648962705<\/a> <a href=\"#5d915dab-1bb7-46a6-b973-c8fee63fb62f-link\" aria-label=\"Zur Fu\u00dfnotenreferenz 3 navigieren\">\u21a9\ufe0e<\/a><\/li>\n<li id=\"1a912913-968a-4914-86c7-9b22c8692f0c\"><a href=\"https:\/\/news.microsoft.com\/announcement\/steve-ballmer-named-ceo\/\" target=\"_blank\" rel=\"nofollow\">https:\/\/news.microsoft.com\/announcement\/steve-ballmer-named-ceo\/<\/a> <a href=\"#1a912913-968a-4914-86c7-9b22c8692f0c-link\" aria-label=\"Zur Fu\u00dfnotenreferenz 4 navigieren\">\u21a9\ufe0e<\/a><\/li>\n<li id=\"c9f6af56-4176-4348-9ebe-67ead5cc1c84\"><a href=\"https:\/\/www.coolblue.de\/beratung\/was-sind-die-update-richtlinien-von-macos-fuer-macbooks.html\" target=\"_blank\" rel=\"nofollow\">https:\/\/www.coolblue.de\/beratung\/was-sind-die-update-richtlinien-von-macos-fuer-macbooks.html<\/a> <a href=\"#c9f6af56-4176-4348-9ebe-67ead5cc1c84-link\" aria-label=\"Zur Fu\u00dfnotenreferenz 5 navigieren\">\u21a9\ufe0e<\/a><\/li>\n<li id=\"c4f8dbfc-5949-4cb1-bfde-1b5b52447a3b\"><a href=\"https:\/\/netzpolitik.org\/2021\/edward-snowden-apple-hat-der-privatsphaere-den-krieg-erklaert\/\" target=\"_blank\" rel=\"nofollow\">https:\/\/netzpolitik.org\/2021\/edward-snowden-apple-hat-der-privatsphaere-den-krieg-erklaert\/<\/a> <a href=\"#c4f8dbfc-5949-4cb1-bfde-1b5b52447a3b-link\" aria-label=\"Zur Fu\u00dfnotenreferenz 6 navigieren\">\u21a9\ufe0e<\/a><\/li>\n<li id=\"c242146b-6c37-47c7-9101-87698073f55b\"><a href=\"https:\/\/www.mactechnews.de\/news\/article\/Apple-verdoppelt-Preis-fuer-Speicheraufruestung-bei-manchen-MacBook-Pro-Modellen-175137.html\" target=\"_blank\" rel=\"nofollow\">https:\/\/www.mactechnews.de\/news\/article\/Apple-verdoppelt-Preis-fuer-Speicheraufruestung-bei-manchen-MacBook-Pro-Modellen-175137.html<\/a> <a href=\"#c242146b-6c37-47c7-9101-87698073f55b-link\" aria-label=\"Zur Fu\u00dfnotenreferenz 7 navigieren\">\u21a9\ufe0e<\/a><\/li>\n<li id=\"ed5dde16-d36e-40e7-9e18-bd89aac85c05\"><a href=\"https:\/\/winfuture.de\/news,149734.html\" target=\"_blank\" rel=\"nofollow\">https:\/\/winfuture.de\/news,149734.html<\/a> <a href=\"#ed5dde16-d36e-40e7-9e18-bd89aac85c05-link\" aria-label=\"Zur Fu\u00dfnotenreferenz 8 navigieren\">\u21a9\ufe0e<\/a><\/li>\n<li id=\"21633a78-b370-4729-8b87-3d83e7750761\"><a href=\"https:\/\/www.ifun.de\/little-snitch-5-vorerst-chancenlos-gegen-apples-extrawurst-161837\/\" target=\"_blank\" rel=\"nofollow\">https:\/\/www.ifun.de\/little-snitch-5-vorerst-chancenlos-gegen-apples-extrawurst-161837\/<\/a> <a href=\"#21633a78-b370-4729-8b87-3d83e7750761-link\" aria-label=\"Zur Fu\u00dfnotenreferenz 9 navigieren\">\u21a9\ufe0e<\/a><\/li>\n<li id=\"839c23f5-d23f-4007-b91e-d940c7a2aba2\"><a href=\"https:\/\/www.ifun.de\/arrogante-sonderrechte-apple-laesst-sich-von-keiner-firewall-aufhalten-161182\/\" target=\"_blank\" rel=\"nofollow\">https:\/\/www.ifun.de\/arrogante-sonderrechte-apple-laesst-sich-von-keiner-firewall-aufhalten-161182\/<\/a> <a href=\"#839c23f5-d23f-4007-b91e-d940c7a2aba2-link\" aria-label=\"Zur Fu\u00dfnotenreferenz 10 navigieren\">\u21a9\ufe0e<\/a><\/li>\n<li id=\"c111a534-518d-492d-9e3b-576849d5b8e2\"><a href=\"https:\/\/www.mactechnews.de\/news\/article\/macOS-11-2-Apple-entfernt-wohl-Firewall-Ausnahmen-fuer-die-eigenen-Apps-176802.html\" target=\"_blank\" rel=\"nofollow\">https:\/\/www.mactechnews.de\/news\/article\/macOS-11-2-Apple-entfernt-wohl-Firewall-Ausnahmen-fuer-die-eigenen-Apps-176802.html<\/a> <a href=\"#c111a534-518d-492d-9e3b-576849d5b8e2-link\" aria-label=\"Zur Fu\u00dfnotenreferenz 11 navigieren\">\u21a9\ufe0e<\/a><\/li>\n<\/ol>\n","protected":false},"excerpt":{"rendered":"<p>Zuerst haben sich Windows-Fans \u00fcber die Skrupellosigkeit des Konzerns ge\u00e4rgert. Nun trauen sich selbst Mitarbeiter des Konzerns, ihre Abneigung offen auszusprechen. Noch vor wenigen Jahren w\u00e4re ein solches Outing undenkbar gewesen und h\u00e4tte zur sofortigen K\u00fcndigung gef\u00fchrt. Insbesondere, nachdem besagte F\u00fchrungskraft zugibt, lieber das Betriebssystem eines Konkurrenten zu nutzen. Das ist beim genaueren Hinsehen allerdings &#8230;<\/p>\n","protected":false},"author":5,"featured_media":14997,"comment_status":"open","ping_status":"open","sticky":false,"template":"","format":"standard","meta":{"footnotes":"[{\"content\":\"<a href=\\\"https:\/\/x.com\/merill\/status\/1913926468255522970\\\">https:\/\/x.com\/merill\/status\/1913926468255522970<\/a>\",\"id\":\"74027677-7bd3-43f2-aafd-2edca25f1e2c\"},{\"content\":\"<a href=\\\"https:\/\/x.com\/merill\/status\/1914280356813131951\/photo\/1\\\">https:\/\/x.com\/merill\/status\/1914280356813131951\/photo\/1<\/a>\",\"id\":\"5f9697df-752e-408a-b9c4-a31f7c61be61\"},{\"content\":\"<a href=\\\"https:\/\/x.com\/merill\/status\/1913928571648962705\\\">https:\/\/x.com\/merill\/status\/1913928571648962705<\/a>\",\"id\":\"5d915dab-1bb7-46a6-b973-c8fee63fb62f\"},{\"content\":\"<a href=\\\"https:\/\/news.microsoft.com\/announcement\/steve-ballmer-named-ceo\/\\\">https:\/\/news.microsoft.com\/announcement\/steve-ballmer-named-ceo\/<\/a>\",\"id\":\"1a912913-968a-4914-86c7-9b22c8692f0c\"},{\"content\":\"<a href=\\\"https:\/\/www.coolblue.de\/beratung\/was-sind-die-update-richtlinien-von-macos-fuer-macbooks.html\\\">https:\/\/www.coolblue.de\/beratung\/was-sind-die-update-richtlinien-von-macos-fuer-macbooks.html<\/a>\",\"id\":\"c9f6af56-4176-4348-9ebe-67ead5cc1c84\"},{\"content\":\"<a href=\\\"https:\/\/netzpolitik.org\/2021\/edward-snowden-apple-hat-der-privatsphaere-den-krieg-erklaert\/\\\">https:\/\/netzpolitik.org\/2021\/edward-snowden-apple-hat-der-privatsphaere-den-krieg-erklaert\/<\/a>\",\"id\":\"c4f8dbfc-5949-4cb1-bfde-1b5b52447a3b\"},{\"content\":\"<a href=\\\"https:\/\/www.mactechnews.de\/news\/article\/Apple-verdoppelt-Preis-fuer-Speicheraufruestung-bei-manchen-MacBook-Pro-Modellen-175137.html\\\">https:\/\/www.mactechnews.de\/news\/article\/Apple-verdoppelt-Preis-fuer-Speicheraufruestung-bei-manchen-MacBook-Pro-Modellen-175137.html<\/a>\",\"id\":\"c242146b-6c37-47c7-9101-87698073f55b\"},{\"content\":\"<a href=\\\"https:\/\/winfuture.de\/news,149734.html\\\">https:\/\/winfuture.de\/news,149734.html<\/a>\",\"id\":\"ed5dde16-d36e-40e7-9e18-bd89aac85c05\"},{\"content\":\"<a href=\\\"https:\/\/www.ifun.de\/little-snitch-5-vorerst-chancenlos-gegen-apples-extrawurst-161837\/\\\">https:\/\/www.ifun.de\/little-snitch-5-vorerst-chancenlos-gegen-apples-extrawurst-161837\/<\/a>\",\"id\":\"21633a78-b370-4729-8b87-3d83e7750761\"},{\"content\":\"<a href=\\\"https:\/\/www.ifun.de\/arrogante-sonderrechte-apple-laesst-sich-von-keiner-firewall-aufhalten-161182\/\\\">https:\/\/www.ifun.de\/arrogante-sonderrechte-apple-laesst-sich-von-keiner-firewall-aufhalten-161182\/<\/a>\",\"id\":\"839c23f5-d23f-4007-b91e-d940c7a2aba2\"},{\"content\":\"<a href=\\\"https:\/\/www.mactechnews.de\/news\/article\/macOS-11-2-Apple-entfernt-wohl-Firewall-Ausnahmen-fuer-die-eigenen-Apps-176802.html\\\">https:\/\/www.mactechnews.de\/news\/article\/macOS-11-2-Apple-entfernt-wohl-Firewall-Ausnahmen-fuer-die-eigenen-Apps-176802.html<\/a>\",\"id\":\"c111a534-518d-492d-9e3b-576849d5b8e2\"}]"},"categories":[91],"tags":[256,52],"class_list":["post-14975","post","type-post","status-publish","format-standard","has-post-thumbnail","hentry","category-windows","tag-microsoft","tag-windows"],"_links":{"self":[{"href":"https:\/\/u-labs.de\/portal\/wp-json\/wp\/v2\/posts\/14975","targetHints":{"allow":["GET"]}}],"collection":[{"href":"https:\/\/u-labs.de\/portal\/wp-json\/wp\/v2\/posts"}],"about":[{"href":"https:\/\/u-labs.de\/portal\/wp-json\/wp\/v2\/types\/post"}],"author":[{"embeddable":true,"href":"https:\/\/u-labs.de\/portal\/wp-json\/wp\/v2\/users\/5"}],"replies":[{"embeddable":true,"href":"https:\/\/u-labs.de\/portal\/wp-json\/wp\/v2\/comments?post=14975"}],"version-history":[{"count":7,"href":"https:\/\/u-labs.de\/portal\/wp-json\/wp\/v2\/posts\/14975\/revisions"}],"predecessor-version":[{"id":15002,"href":"https:\/\/u-labs.de\/portal\/wp-json\/wp\/v2\/posts\/14975\/revisions\/15002"}],"wp:featuredmedia":[{"embeddable":true,"href":"https:\/\/u-labs.de\/portal\/wp-json\/wp\/v2\/media\/14997"}],"wp:attachment":[{"href":"https:\/\/u-labs.de\/portal\/wp-json\/wp\/v2\/media?parent=14975"}],"wp:term":[{"taxonomy":"category","embeddable":true,"href":"https:\/\/u-labs.de\/portal\/wp-json\/wp\/v2\/categories?post=14975"},{"taxonomy":"post_tag","embeddable":true,"href":"https:\/\/u-labs.de\/portal\/wp-json\/wp\/v2\/tags?post=14975"}],"curies":[{"name":"wp","href":"https:\/\/api.w.org\/{rel}","templated":true}]}}