{"id":4501,"date":"2016-10-15T11:38:49","date_gmt":"2016-10-15T10:38:49","guid":{"rendered":"https:\/\/u-labs.de\/portal\/?p=4501"},"modified":"2024-12-30T23:36:41","modified_gmt":"2024-12-30T21:36:41","slug":"kinder-sind-die-buerger-von-morgen","status":"publish","type":"post","link":"https:\/\/u-labs.de\/portal\/kinder-sind-die-buerger-von-morgen\/","title":{"rendered":"Kinder sind die B\u00fcrger von Morgen"},"content":{"rendered":"<p>\u00dcber die Zukunft unserer Gesellschaft entscheidet die Gegenwart unserer Kinder. Sagen wir also ja zur Erziehung. Geben wir gute Beispiele, jeder in seinem pers\u00f6nlichen Bereich. http:\/\/www.bundespraesident.de\/SharedDocs\/Reden\/DE\/Roman-Herzog\/Reden\/1998\/06\/19980609_Rede.html<\/p>\n<h4><strong>Die Verantwortung gegen\u00fcber Kindern<\/strong><\/h4>\n<p>Kinder bedeuten eine gro\u00dfe Verantwortung f\u00fcr die Eltern und das Umfeld des Kindes. Sie sind sehr leicht zu beeinflussen und zu formen. Diese Verantwortung liegt bei den Eltern und der Umwelt. Die Umwelt ist die Gesellschaft und der Staat in dem ein Kind aufw\u00e4chst. Kinder werden von ihrem Umfeld beeinflusst.<\/p>\n<p>Die <strong>Eltern<\/strong> leben dem Kind vor, was gut im Leben ist. Genauso besch\u00fctzen Eltern das Kind vor negativen Einfl\u00fcssen und geben dem Kind was es zum Leben braucht. Das bei den Eltern erlernte verhalten wird das Kind annehmen und sp\u00e4ter selbst anwenden.<\/p>\n<p>Der <strong>Staat<\/strong> bildet und formt Kinder im Kindergarten und sp\u00e4ter in der Schule. Was Kinder im Kindergarten, der Schule beigebracht bekommen beeinflusst ihr sp\u00e4teres Denken.<\/p>\n<p>Die <strong>Gesellschaft<\/strong> beeinflusst ebenfalls die Erziehung eines Kindes. Dazu geh\u00f6ren Verwandte oder Menschen mit denen ein Kind Kontakt hat.<\/p>\n<p>Auf der ganzen Welt toben Kriege, in denen die verschiedensten Interessengruppen sich gewaltsam durchsetzen.\u00a0 Dabei wird vergessen, dass Kinder nicht nur leiden, sondern Gewalt lernen. W\u00e4hrend der Kriegszeit findet kein Unterricht statt, den Kindern bleibt Bildung vorenthalten. Jugendliche k\u00f6nnen ihre Ausbildung nicht weiterf\u00fchren, sie haben keine Berufsausbildung.<\/p>\n<p><strong>Entstehung des Extremismus<\/strong><\/p>\n<p>Werden diese Kinder Erwachsen und m\u00fcssen f\u00fcr ihren Unterhalt aufkommen haben sie das Problem, dass sie ohne Schulbildung und ohne Ausbildung nur gering bezahlte Jobs finden werden. Diese Situation f\u00fchrt zu Frustration.\u00a0 Ohne Familie, die sie im Krieg verloren haben diese Menschen keinen R\u00fcckhalt. Ohne Schulbildung und ohne Ausbildung werden sie zur leichten Beute f\u00fcr fanatische Gruppierungen. Diese bieten ihnen ein zu Hause in einer Gemeinschaft, Unterkunft und Verpflegung sowie Taschengeld. Kriege formen psychisch kranke Kinder zu willigen Werkzeugen gewaltbereiter Machthaber.<\/p>\n<p>Kinder die in einer Gewaltt\u00e4tigen Umgebung aufwachsen \u00fcben selbst Gewalt aus.<\/p>\n<p>&#8222;Die F\u00e4higkeit zum Umgang mit Freiheit f\u00e4llt nicht vom Himmel. Sie mu\u00df gelehrt und gelernt werden&#8220;<\/p>\n<p>http:\/\/www.bundespraesident.de\/SharedDocs\/Reden\/DE\/Roman-Herzog\/Reden\/1998\/06\/19980609_Rede.html<\/p>\n<p>&nbsp;<\/p>\n","protected":false},"excerpt":{"rendered":"<p>\u00dcber die Zukunft unserer Gesellschaft entscheidet die Gegenwart unserer Kinder. Sagen wir also ja zur Erziehung. Geben wir gute Beispiele, jeder in seinem pers\u00f6nlichen Bereich. http:\/\/www.bundespraesident.de\/SharedDocs\/Reden\/DE\/Roman-Herzog\/Reden\/1998\/06\/19980609_Rede.html Die Verantwortung gegen\u00fcber Kindern Kinder bedeuten eine gro\u00dfe Verantwortung f\u00fcr die Eltern und das Umfeld des Kindes. Sie sind sehr leicht zu beeinflussen und zu formen. Diese Verantwortung liegt &#8230;<\/p>\n","protected":false},"author":8,"featured_media":4507,"comment_status":"open","ping_status":"open","sticky":false,"template":"","format":"standard","meta":{"footnotes":""},"categories":[1110,4],"tags":[539,538,528,540],"class_list":["post-4501","post","type-post","status-publish","format-standard","has-post-thumbnail","hentry","category-gesellschaftliches","category-politik-news","tag-erziehung","tag-kinder","tag-krieg","tag-soldaten"],"_links":{"self":[{"href":"https:\/\/u-labs.de\/portal\/wp-json\/wp\/v2\/posts\/4501","targetHints":{"allow":["GET"]}}],"collection":[{"href":"https:\/\/u-labs.de\/portal\/wp-json\/wp\/v2\/posts"}],"about":[{"href":"https:\/\/u-labs.de\/portal\/wp-json\/wp\/v2\/types\/post"}],"author":[{"embeddable":true,"href":"https:\/\/u-labs.de\/portal\/wp-json\/wp\/v2\/users\/8"}],"replies":[{"embeddable":true,"href":"https:\/\/u-labs.de\/portal\/wp-json\/wp\/v2\/comments?post=4501"}],"version-history":[{"count":9,"href":"https:\/\/u-labs.de\/portal\/wp-json\/wp\/v2\/posts\/4501\/revisions"}],"predecessor-version":[{"id":4915,"href":"https:\/\/u-labs.de\/portal\/wp-json\/wp\/v2\/posts\/4501\/revisions\/4915"}],"wp:featuredmedia":[{"embeddable":true,"href":"https:\/\/u-labs.de\/portal\/wp-json\/wp\/v2\/media\/4507"}],"wp:attachment":[{"href":"https:\/\/u-labs.de\/portal\/wp-json\/wp\/v2\/media?parent=4501"}],"wp:term":[{"taxonomy":"category","embeddable":true,"href":"https:\/\/u-labs.de\/portal\/wp-json\/wp\/v2\/categories?post=4501"},{"taxonomy":"post_tag","embeddable":true,"href":"https:\/\/u-labs.de\/portal\/wp-json\/wp\/v2\/tags?post=4501"}],"curies":[{"name":"wp","href":"https:\/\/api.w.org\/{rel}","templated":true}]}}