{"id":5658,"date":"2019-08-16T18:26:12","date_gmt":"2019-08-16T16:26:12","guid":{"rendered":"https:\/\/u-labs.de\/portal\/?p=5658"},"modified":"2024-12-30T23:26:55","modified_gmt":"2024-12-30T21:26:55","slug":"feinstaub-in-den-staedten-ist-ein-messproblem","status":"publish","type":"post","link":"https:\/\/u-labs.de\/portal\/feinstaub-in-den-staedten-ist-ein-messproblem\/","title":{"rendered":"Feinstaub in den St\u00e4dten ist ein Messproblem?"},"content":{"rendered":"<p>Die als Feinstaub (PM<sub>10<\/sub>) bezeichnete Staubfraktion enth\u00e4lt  50% der Teilchen mit einem Durchmesser von 10 \u00b5m, einen h\u00f6heren Anteil  kleinerer Teilchen und einen niedrigeren Anteil gr\u00f6\u00dferer Teilchen. <a href=\"https:\/\/www.umweltbundesamt.at\/pm10\/\" target=\"_blank\" rel=\"nofollow\">Umweltbundesamt<\/a><\/p>\n<p>Aus den St\u00e4dten wurde \u00fcber steigende Belastung der Bev\u00f6lkerung durch Feinstaub berichtet. Von \u00c4rzten wurde vor den Gesundheitssch\u00e4den gewarnt. Als Ursache wurden Diesel Kraftfahrzeuge ausgemacht. Als folge der steigende Belastung durch Feinstaub wurden Fahrverbote f\u00fcr Fahrzeuge mit schlechter Abgasnorm verh\u00e4ngt und immer strengere Abgasanforderung an die Kraftfahrzeuge gestellt. Die Ver\u00e4nderung der Luftqualit\u00e4t in den St\u00e4dten wurde mit Messstationen \u00fcberwacht.<\/p>\n<p>Feinstaub kann in die Lunge eindringen und bleibende Sch\u00e4den Bronchitis, Astma, Allergie Herz-Kreislaufst\u00f6rungen und Lungenkrebs.<\/p>\n<h2 class=\"wp-block-heading\">Ursachen f\u00fcr Feinstaub<\/h2>\n<p>Feinstaub kann nat\u00fcrlichen Ursprungs sein oder durch menschliches Handeln erzeugt werden.  In Ballungsgebieten ist vor allem der Stra\u00dfenverkehr eine bedeutende Feinstaubquelle. Eine weitere wichtige Quelle ist die Landwirtschaft:  Vor allem die Emissionen gasf\u00f6rmiger Vorl\u00e4uferstoffe aus der Tierhaltung  tragen zur Sekund\u00e4rstaubbelastung bei. Als nat\u00fcrliche Quellen f\u00fcr Feinstaub sind Emissionen  aus Vulkanen und Meeren, die Bodenerosion, Wald- und Buschfeuer sowie  bestimmte biogene Aerosole &#8211; Viren, Sporen von Bakterien und Pilzen, au\u00dferdem Algen, Zellteile, Ausscheidungen usw. &#8211; zu nennen. <a href=\"https:\/\/www.umweltbundesamt.de\/service\/uba-fragen\/aus-welchen-quellen-stammt-feinstaub\" target=\"_blank\" rel=\"nofollow\">Umweltbundesamt. <\/a><\/p>\n<p>Mit unserem pers\u00f6nlichen fahr verhalten tragen wir zu der Feinstaubbelastung ebenfalls bei. Wer in der Stadt sportlich f\u00e4hrt, dabei sehr viel beschleunigt und abbremst belastet die Luft mit Feinstaub.  Breite Pkw Reifen tragen ebenfalls zur Erh\u00f6hung der Feinstaubbelastung bei.<\/p>\n<p>Das pers\u00f6nliche Verhalten tr\u00e4gt ebenfalls zur Belastung der St\u00e4dte mit Feinstaub bei. Wer beispielsweise das Flugzeug nutzt oder seinen Urlaub auf einem Kreuzfahrtschiff verbringt tr\u00e4gt zur Feinstaubbelastung bei. Das trifft f\u00fcr vermeidbare Fahrten beispielsweise mit einem Diesel Fernbus oder einem Diesel Caravan ebenfalls zu. Es ist nicht notwendig zum shoppen in eine gro\u00dfe Stadt zu fliegen. Genauso muss niemand in seiner Freizeit auf eine spanische Insel fliegen. Genauso kann man darauf verzichten gelangweilt auf einem Kreuzfahrtschiff zu verbringen und so die Luft unn\u00f6tig zu belasten. Ebenfalls sollte man sich \u00fcberlegen, ob man das Warme Wasser und die w\u00e4rme in der Wohnung mit einem Fossilen Brennstoff Heiz\u00f6l, der dem Diesel entspricht beheizen muss. <\/p>\n<p>Die Landwirte erzeugen ebenfalls Feinstaub. Wird G\u00fclle auf das Feld gespritzt wird Ammoniak frei. Das Ammoniak verbindet sich mit anderen Gasen zu Feinstaub.<\/p>\n<p>Die Stadt Stuttgart l\u00e4sst Nachts eine Kehrmaschine um das Neckartor herum den Feinstaub zusammenkehren. Der zusammengekehrte Feinstaub kann mit dieser Methode nicht in die Messanlage gelangen und wird somit nicht erfasst. Seit die Stadt die Luft um die Messanlagen absaugt und filtert, wurde weniger Feinstaubalarm gegeben. <\/p>\n<h2 class=\"wp-block-heading\">Kuriosum in den St\u00e4dten: trotz strengere Abgasnorm steig die Luftbelastung<\/h2>\n<p>An die Kraftfahrzeuge in den Innenst\u00e4dten wurden immer strengere Abgas Anforderungen gestellt. Die Ver\u00e4nderung der Luftqualit\u00e4t \u00fcberwachen die St\u00e4dte mit Messtationen.<\/p>\n<p>In den St\u00e4dten geschah ein Mysterium. Obwohl die Abgasanforderungen an die Kraftfahrzeuge die in die Innenst\u00e4dte fahren d\u00fcrfen stiegen, verbesserten sich die Feinstaubwerte nicht. Die St\u00e4dte versuchten die Feinstaubwerte mit den verschiedensten Methoden zu verbesser. Beispielsweise mit Moosw\u00e4nden oder Anlagen die Luft ansaugen und reinigen.<\/p>\n<h2 class=\"wp-block-heading\">R\u00e4tsel L\u00f6sung: Automobilhersteller betrogen bei den Angaben zum Abgas<\/h2>\n<p>Das R\u00e4tsel hatte sich gel\u00f6st als bekannt wurde, dass die Automobilhersteller bei den Angaben zum Abgas bewusst falsche Werte angaben. <\/p>\n<h2 class=\"wp-block-heading\">Wie durch ein Wunder verschlechtern sich die Feinstaubwerte nicht &#8211; Weitere Fahrverbote wurden vermieden!<\/h2>\n<p>Nachdem nun festgestellt wurde, dass alle Fahrzeughersteller bei den Abgasangaben Betrogen haben, hinterfragte man die Glaubw\u00fcrdigkeit, die Messmethode und den Standort der Messtationen. <\/p>\n<p>Bei der Diskussion um Feinstaub wurde \u00fcbersehen, dass beispielsweise der Reifenabrieb oder der Abrieb der Bremsbel\u00e4ge ebenfalls Feinstaub erzeugen. Da die PkW Reifen permanent breiter wurden, steigt die Umweltbelastung durch Reifenabrieb st\u00e4rker.  Feinstaub wird ebenfalls durch Gro\u00dfbaustellen z.B. Stuttgart 21 erzeugt.  <\/p>\n<p>&#8222;Die Berechnungen weisen darauf hin, dass zonale Verkehrsbeschr\u00e4nkungen  f\u00fcr Diesel Euro 5\/V f\u00fcr Stuttgart nicht mehr eingeplant werden m\u00fcssen.  Wir sind zuversichtlich, dass allenfalls einzelstreckenbezogene  Fahrverbote f\u00fcr Diesel Euro 5 an wenigen Hot-Spots n\u00f6tig sein werden.  Und wir werden weiterhin alles tun, auch diese wo immer m\u00f6glich zu  vermeiden\u201c, erkl\u00e4rte Ministerpr\u00e4sident Winfried Kretschmann  <a href=\"https:\/\/www.baden-wuerttemberg.de\/de\/service\/presse\/pressemitteilung\/pid\/luftqualitaet-in-stuttgart-wird-sich-weiter-verbessern\/\" target=\"_blank\" rel=\"nofollow\">Baden-W\u00fcrttemberg<\/a><\/p>\n<h2 class=\"wp-block-heading\">Methoden Feinstaubbelastung zu senken<\/h2>\n<p>Soll die Belastung von Feinstaub gesenkt werden, ist es notwendig dass sich jeder einzelne Mensch f\u00fcr sich Gedanken \u00fcber die Vermeidung von Feinstaub macht. <\/p>\n<p>Bauern k\u00f6nnen die G\u00fclle so in den Boden einbringen, dass die G\u00fclle nicht zu sehr Kontakt mit der Luft hat. Autofahrer k\u00f6nnen sich mehr Gedanken \u00fcber ihre Fahrt und ihr Fahrzeug machen. Urlauber k\u00f6nnen ihre Freizeit so verbringen ohne die Umwelt zu belasten. Kreuzfahrtschiffe, Flugzeuge und Heizungsanlagen kann man mit Umweltfreundlichen Treibstoffen betreiben.<\/p>\n","protected":false},"excerpt":{"rendered":"<p>Die als Feinstaub (PM10) bezeichnete Staubfraktion enth\u00e4lt 50% der Teilchen mit einem Durchmesser von 10 \u00b5m, einen h\u00f6heren Anteil kleinerer Teilchen und einen niedrigeren Anteil gr\u00f6\u00dferer Teilchen. Umweltbundesamt Aus den St\u00e4dten wurde \u00fcber steigende Belastung der Bev\u00f6lkerung durch Feinstaub berichtet. Von \u00c4rzten wurde vor den Gesundheitssch\u00e4den gewarnt. Als Ursache wurden Diesel Kraftfahrzeuge ausgemacht. Als folge &#8230;<\/p>\n","protected":false},"author":8,"featured_media":6311,"comment_status":"open","ping_status":"open","sticky":false,"template":"","format":"standard","meta":{"footnotes":""},"categories":[1110,4],"tags":[743,653,573,744,742,574],"class_list":["post-5658","post","type-post","status-publish","format-standard","has-post-thumbnail","hentry","category-gesellschaftliches","category-politik-news","tag-autoabgas","tag-diesel","tag-feinstaub","tag-heizungen","tag-luft","tag-umwelt"],"_links":{"self":[{"href":"https:\/\/u-labs.de\/portal\/wp-json\/wp\/v2\/posts\/5658","targetHints":{"allow":["GET"]}}],"collection":[{"href":"https:\/\/u-labs.de\/portal\/wp-json\/wp\/v2\/posts"}],"about":[{"href":"https:\/\/u-labs.de\/portal\/wp-json\/wp\/v2\/types\/post"}],"author":[{"embeddable":true,"href":"https:\/\/u-labs.de\/portal\/wp-json\/wp\/v2\/users\/8"}],"replies":[{"embeddable":true,"href":"https:\/\/u-labs.de\/portal\/wp-json\/wp\/v2\/comments?post=5658"}],"version-history":[{"count":36,"href":"https:\/\/u-labs.de\/portal\/wp-json\/wp\/v2\/posts\/5658\/revisions"}],"predecessor-version":[{"id":6337,"href":"https:\/\/u-labs.de\/portal\/wp-json\/wp\/v2\/posts\/5658\/revisions\/6337"}],"wp:featuredmedia":[{"embeddable":true,"href":"https:\/\/u-labs.de\/portal\/wp-json\/wp\/v2\/media\/6311"}],"wp:attachment":[{"href":"https:\/\/u-labs.de\/portal\/wp-json\/wp\/v2\/media?parent=5658"}],"wp:term":[{"taxonomy":"category","embeddable":true,"href":"https:\/\/u-labs.de\/portal\/wp-json\/wp\/v2\/categories?post=5658"},{"taxonomy":"post_tag","embeddable":true,"href":"https:\/\/u-labs.de\/portal\/wp-json\/wp\/v2\/tags?post=5658"}],"curies":[{"name":"wp","href":"https:\/\/api.w.org\/{rel}","templated":true}]}}