{"id":5947,"date":"2019-09-08T11:48:31","date_gmt":"2019-09-08T09:48:31","guid":{"rendered":"https:\/\/u-labs.de\/portal\/?p=5947"},"modified":"2024-12-30T23:26:48","modified_gmt":"2024-12-30T21:26:48","slug":"fridays-for-future-schueler-streiken-fuer-umweltschutz","status":"publish","type":"post","link":"https:\/\/u-labs.de\/portal\/fridays-for-future-schueler-streiken-fuer-umweltschutz\/","title":{"rendered":"Fridays For Future: Sch\u00fcler streiken f\u00fcr Umweltschutz"},"content":{"rendered":"<p>Etwa 300.000 junge Menschen demonstrierten am 15. M\u00e4rz 2019 f\u00fcr den Klimaschutz. Mittlerweile ist die Bewegung <em>Fridays For Future<\/em> nicht nur in den Medien angekommen. Auch Spitzenpolitiker wie Merkel oder Steinmeier haben sich zu den Protesten ge\u00e4u\u00dfert. Viele loben das Engagement der Jugendlichen, andere kritisieren entfallene Unterrichtsstunden. Was hat zehntausende zum Schw\u00e4nzen bewogen?<\/p>\n<h2 class=\"wp-block-heading\">Greta Thunberg schw\u00e4nzt f\u00fcr das Klima<\/h2>\n<figure class=\"wp-block-image is-resized\"><img loading=\"lazy\" decoding=\"async\" width=\"800\" height=\"1040\" src=\"https:\/\/u-labs.de\/portal\/wp-content\/uploads\/2019\/03\/800px-Greta_Thunberg_4.jpg\" alt=\"\" class=\"wp-image-5948\" style=\"width: 50%;\n\nmargin: 0 auto;\n\ndisplay: block;\" srcset=\"https:\/\/u-labs.de\/portal\/wp-content\/uploads\/2019\/03\/800px-Greta_Thunberg_4.jpg 800w, https:\/\/u-labs.de\/portal\/wp-content\/uploads\/2019\/03\/800px-Greta_Thunberg_4-231x300.jpg 231w, https:\/\/u-labs.de\/portal\/wp-content\/uploads\/2019\/03\/800px-Greta_Thunberg_4-788x1024.jpg 788w, https:\/\/u-labs.de\/portal\/wp-content\/uploads\/2019\/03\/800px-Greta_Thunberg_4-768x998.jpg 768w, https:\/\/u-labs.de\/portal\/wp-content\/uploads\/2019\/03\/800px-Greta_Thunberg_4-277x360.jpg 277w, https:\/\/u-labs.de\/portal\/wp-content\/uploads\/2019\/03\/800px-Greta_Thunberg_4-131x170.jpg 131w\" sizes=\"auto, (max-width: 800px) 100vw, 800px\" \/><\/figure>\n<p>Am 20. August 2018 besuchte Greta Thunberg statt ihres Schulunterrichts das schwedischen Reichstagsgeb\u00e4ude. In der Hand ein Schild, auf dem \u00fcbersetzt &#8222;Schulstreik f\u00fcrs Klima&#8220; steht. Kurz darauf k\u00fcndigt die damals 15-J\u00e4hrige an, nach den Parlamentswahlen am 09. September 2018 jeden Freitag zu streiken &#8211; bis Schweden die Grunds\u00e4tze des Pariser Klimaabkommens umgesetzt hat. Unter #FridaysForFuture postet sie Bilder und Infos in den sozialen Medien. Der Protest bekam dadurch weltweite Aufmerksamkeit.<\/p>\n<h2 class=\"wp-block-heading\">Auch Deutsche Sch\u00fcler demonstrieren<\/h2>\n<p>In vielen \u00fcberwiegend westlichen L\u00e4ndern bildeten sich lokale Gruppen. Sie schlossen sich Gretas Protesten an. Die erste Demo in Deutschland fand am 7. Dezember 2018 statt und fand zun\u00e4chst nur geringe Beachtung. Doch die Bewegung w\u00e4chst schnell: Am 15. Februar 2019 waren 30.000 Jugendliche auf die Stra\u00dfen. Darunter nicht nur Sch\u00fcler, sondern auch Auszubildende und Studenten.<\/p>\n<p>Am 15. M\u00e4rz 2019 fand der erste globale Protesttag von <em>Fridays For Future<\/em> statt. Die Zahl der Demonstrationen stieg massiv an. Alleine 220 waren in Deutschland angek\u00fcndigt, daran nahmen 300.000 Menschen teil. <\/p>\n<h2 class=\"wp-block-heading\">So reagiert die Politik<\/h2>\n<p>Bundeskanzlerin Merkel und Bundespr\u00e4sident Steinmeier begr\u00fc\u00dfen die Initiativen zwar grunds\u00e4tzlich. Allerdings kritisierte Steinmeiner das Schulschw\u00e4nzen: Die Jugendlichen sollen ihr Angagement als Teil des Unterrichts fortzsetzen &#8211; oder alternativ in der Freizeit. \u00c4hnlich \u00e4u\u00dferte sich der FDP-Vorsitzende Christian Lindner.  <\/p>\n<h3 class=\"wp-block-heading\">Mit dem Jet zum Klimaschutz-Protest<\/h3>\n<p>In einem \u00e4lteren Interview \u00e4u\u00dferte sich der damals 18-J\u00e4hrige Lindner zum Schulsystem. Dort sagte er: &#8222;Wenn man in der Schule sitzt und man sitzt seine Zeit ab, (\u2026) dann kommt es einem so vor, als w\u00e4re die Zeit durch den Schredder gelaufen&#8220;. Steinmeier sagte auf einer Fridays for Future Mahnwache in Neum\u00fcnster: Viele Erwachsene h\u00e4tten noch nicht begriffen, &#8222;dass es f\u00fcnf f\u00fcr zw\u00f6lf&#8220; sei &#8211; nachdem er mit seinem Dienstjet dort angereist war. <\/p>\n<p>Bundeslanzerlin Angela Merkel hat sogar vor langem Versprochen, den Treibhausaussto\u00df bis 2020 um 40% zu senken (gegen\u00fcber 1990). Statt zu handeln hat sie vieles verschoben, wie z.B. den Kohleausstieg. Seit 2009 sind die Emissionen daher nahezu unver\u00e4ndert hoch geblieben. Dennoch best\u00e4tigte Merkel Ende 2017 im Fernsehen, das Ziel irgendwie doch noch einzuhalten. Nun ist es verschoben, mit einem neuen Versprechen: Bis 2030 sollen die klimasch\u00e4dlichen Gase um satte 55% reduziert werden. \r\n<\/p>\n<h2 class=\"wp-block-heading\">Die Jugend hat das Reden satt<\/h2>\n<p>Genau das st\u00f6rt viele Jugendliche: Politiker halten gro\u00dfe Reden, lassen aber selten Taten folgen. Und ihre Forderungen werden nicht ernst genommen. Das Paradebeispiel daf\u00fcr ist Steinmeier, der per Jet anreist, um die mangelnde Einsicht der Erwachsenen beim Klimaschutz zu kritisieren. Dies wirft Fragen auf, ob er die Kritik der Sch\u00fcler \u00fcberhaupt verstanden hat.<\/p>\n<p>Aus diesem Grunde m\u00f6chte Fridays For Future den Politikern gar keine Plattform bieten. Anfang 2019 wollte Peter Altmaier (Bundesminister f\u00fcr Wirtschaft und Energie)  nutzte eine ihrer Berliner Veranstaltungen f\u00fcr Interview. Die Sch\u00fcler pfeiften den Minister aus: Er soll nicht reden, sondern endlich handeln. Daf\u00fcr m\u00fcsse er in sein B\u00fcro zur\u00fcckkehren. Die Proteste sind erst entstanden, weil die Politik nur redet, aber ihre Arbeit nicht richtig macht. <\/p>\n<h2 class=\"wp-block-heading\"><em>Scientists for Future<\/em>: Unterst\u00fctzung aus der Wissenschaft<\/h2>\n<p>\u00dcber 23.000 Wissenschaftler und sogar Direktoren von Forschungseinrichtungen sind sich einig, dass die Jugendlichen mit ihren Bedenken richtig liegen. Was derzeit f\u00fcr den Klima- und Umweltschutz getan wird, ist bei weitem nicht ausreichend. Manche denken, ohne die Einmischung der B\u00fcrger wird die Wirtschaft daran nichts \u00e4ndern. Die jugendlichen Demonstranten seien alles, was wir haben. <\/p>\n<h2 class=\"wp-block-heading\">Schulen sind gespalten<\/h2>\n<p>Die Haltung der Schulen zu den Protesten ist unterschiedlich. Manche besuchen diese sogar im Rahmen des Unterrichts. Andere dulden es zumindest, dass einige Sch\u00fcler schw\u00e4nzen. Viele Schulen halten sich aus dem Thema jedoch komplett heraus. Die Teilnahme am Streik ist somit eine normale Fehlzeit, die entschuldigt werden muss &#8211; oder als unentschuldigte Fehlzeit entsprechende Konsequenzen wie etwa eine Anmerkung im Zeugnis verursachen kann.<\/p>\n<p>Rechtlich ist die Lage durchaus nicht ganz eindeutig. Zwar gilt grunds\u00e4tzlich die Schulpflicht. Sie kann aber ausgehebelt werden, wenn die Demonstration spontan und zeitlich kritisch ist &#8211; also eine Teilnahme nach der Schulzeit zu sp\u00e4t w\u00e4re. Dies hat das Verwaltungsgericht Hannover bereits 1991 entschieden. Zwar sind die <em>Fridays For Future<\/em> Bewegungen geplant. Allerdings lautet die Argumentation der Sch\u00fcler: Wir k\u00f6nnen nicht f\u00fcr die Zukunft lernen, wenn wir aufgrund fehlender Politik keine haben. Juristen sehen diese Begr\u00fcndung als Relevant f\u00fcr die Entscheidung an.   <\/p>\n<p>Konkrete richterliche Entscheidungen gibt es zu den noch recht jungen Protesten bislang nicht. Rechtsexperten raten, protestierende Sch\u00fcler ernst zu nehmen &#8211; und keineswegs die Teilnahme am Unterricht durch Ma\u00dfnahmen wie gezielt am Freitag angesetzte Klausuren zu erzwingen. Ansonsten k\u00f6nne daraus ein Generationenkonflikt mit nachhaltigen Folgen f\u00fcr den Schulfrieden entstehen. <\/p>\n","protected":false},"excerpt":{"rendered":"<p>Etwa 300.000 junge Menschen demonstrierten am 15. M\u00e4rz 2019 f\u00fcr den Klimaschutz. Mittlerweile ist die Bewegung Fridays For Future nicht nur in den Medien angekommen. Auch Spitzenpolitiker wie Merkel oder Steinmeier haben sich zu den Protesten ge\u00e4u\u00dfert. Viele loben das Engagement der Jugendlichen, andere kritisieren entfallene Unterrichtsstunden. Was hat zehntausende zum Schw\u00e4nzen bewogen? Greta Thunberg &#8230;<\/p>\n","protected":false},"author":5,"featured_media":5948,"comment_status":"open","ping_status":"open","sticky":false,"template":"","format":"standard","meta":{"footnotes":""},"categories":[1110,5,1],"tags":[747,574,578],"class_list":["post-5947","post","type-post","status-publish","format-standard","has-post-thumbnail","hentry","category-gesellschaftliches","category-news","category-technik-news","tag-klima","tag-umwelt","tag-umweltschutz"],"_links":{"self":[{"href":"https:\/\/u-labs.de\/portal\/wp-json\/wp\/v2\/posts\/5947","targetHints":{"allow":["GET"]}}],"collection":[{"href":"https:\/\/u-labs.de\/portal\/wp-json\/wp\/v2\/posts"}],"about":[{"href":"https:\/\/u-labs.de\/portal\/wp-json\/wp\/v2\/types\/post"}],"author":[{"embeddable":true,"href":"https:\/\/u-labs.de\/portal\/wp-json\/wp\/v2\/users\/5"}],"replies":[{"embeddable":true,"href":"https:\/\/u-labs.de\/portal\/wp-json\/wp\/v2\/comments?post=5947"}],"version-history":[{"count":24,"href":"https:\/\/u-labs.de\/portal\/wp-json\/wp\/v2\/posts\/5947\/revisions"}],"predecessor-version":[{"id":6351,"href":"https:\/\/u-labs.de\/portal\/wp-json\/wp\/v2\/posts\/5947\/revisions\/6351"}],"wp:featuredmedia":[{"embeddable":true,"href":"https:\/\/u-labs.de\/portal\/wp-json\/wp\/v2\/media\/5948"}],"wp:attachment":[{"href":"https:\/\/u-labs.de\/portal\/wp-json\/wp\/v2\/media?parent=5947"}],"wp:term":[{"taxonomy":"category","embeddable":true,"href":"https:\/\/u-labs.de\/portal\/wp-json\/wp\/v2\/categories?post=5947"},{"taxonomy":"post_tag","embeddable":true,"href":"https:\/\/u-labs.de\/portal\/wp-json\/wp\/v2\/tags?post=5947"}],"curies":[{"name":"wp","href":"https:\/\/api.w.org\/{rel}","templated":true}]}}