{"id":9270,"date":"2022-08-24T19:47:32","date_gmt":"2022-08-24T17:47:32","guid":{"rendered":"https:\/\/u-labs.de\/portal\/?p=9270"},"modified":"2022-12-12T19:57:33","modified_gmt":"2022-12-12T17:57:33","slug":"ist-das-der-bessere-windows-explorer-datei-explorer-tabs-design-aendern-mehr-unter-windows-10-11-mit-files","status":"publish","type":"post","link":"https:\/\/u-labs.de\/portal\/ist-das-der-bessere-windows-explorer-datei-explorer-tabs-design-aendern-mehr-unter-windows-10-11-mit-files\/","title":{"rendered":"Ist das der bessere Windows Explorer\/Datei Explorer? Tabs, Design \u00e4ndern &#038; mehr unter Windows 10\/11 mit &#8222;Files&#8220; unter Windows 10\/11"},"content":{"rendered":"<p>Wer Windows nutzt, kommt um den Windows Explorer kaum herum: Sobald man mit Dateien arbeitet, ist er das Standardwerkzeug in Microsofts Betriebssystem. Das Programm wird auch <strong>Datei Explorer<\/strong> oder abgek\u00fcrzt schlicht nur <strong>Explorer<\/strong> genannt. Es ist seit Windows 95 Bestandteil des Betriebssystems. Mit Windows 8 wurden die oberen Men\u00fcs durch das Men\u00fcband (<em>Ribbon<\/em>) ersetzt. Bereits mit Office 2007 fand es Einzug in andere Produkte des Herstellers. Von dieser gro\u00dfen Ver\u00e4nderung abgesehen, hat sich der Explorer in den letzten Jahrzehnten kaum ver\u00e4ndert. Lediglich kleinere Verbesserungen wie z.B. die Vorschaugrafiken oder modernere Icons sind sichtbar. Der Aufbau ist dem Original von 1995 noch immer sehr \u00e4hnlich.<\/p>\n<h2 class=\"wp-block-heading\">Total Commander: Der Klassiker unter den Explorer-Alternativen<\/h2>\n<p>Manche finden es gut, sich bei einem derart h\u00e4ufig genutzten Werkzeug nicht gro\u00df umgew\u00f6hnen zu m\u00fcssen. Andere vermissen aber auch Funktionen, die Betriebssysteme wie GNU\/Linux bereits seit Jahren bieten. Dadurch sind verschiedene Projekte entstanden, beispielsweise <strong>Total Commander<\/strong>. Das Programm bietet weit mehr Funktionen als das Original von Microsoft &#8211; darunter beispielsweise eine geteilte Ansicht mit zwei Fenstern nebeneinander, Dateivergleich, integriertes Entpacken aller g\u00e4ngigen Archivformate und mehr.<\/p>\n<p>Man merkt jedoch schnell, dass Total Commander urspr\u00fcnglich aus dem Jahre 1993 stammt und damit noch \u00e4lter ist, als der Windows Explorer. Zwar kann man die Symbole erneuern, damit diese nicht mehr ganz so sehr nach Jahrtausendwende aussehen:<\/p>\n<div class=\"wp-block-image\">\n<figure class=\"aligncenter size-full\"><a href=\"https:\/\/u-labs.de\/portal\/wp-content\/uploads\/2022\/08\/image.png\"><img loading=\"lazy\" decoding=\"async\" width=\"521\" height=\"247\" src=\"https:\/\/u-labs.de\/portal\/wp-content\/uploads\/2022\/08\/image.png\" alt=\"\" class=\"wp-image-9271\" srcset=\"https:\/\/u-labs.de\/portal\/wp-content\/uploads\/2022\/08\/image.png 521w, https:\/\/u-labs.de\/portal\/wp-content\/uploads\/2022\/08\/image-300x142.png 300w, https:\/\/u-labs.de\/portal\/wp-content\/uploads\/2022\/08\/image-70x33.png 70w\" sizes=\"auto, (max-width: 521px) 100vw, 521px\" \/><\/a><\/figure>\n<\/div>\n<p>Dennoch wirkt die Software optisch aus der Zeit gefallen. Der Funktionsumfang bleibt m\u00e4chtig &#8211; richtet sich damit aber eher an Vielnutzer, die sich weniger f\u00fcr das Aussehen interessieren.<\/p>\n<div class=\"wp-block-image\">\n<figure class=\"aligncenter size-large\"><a href=\"https:\/\/u-labs.de\/portal\/wp-content\/uploads\/2022\/08\/image-1.png\"><img loading=\"lazy\" decoding=\"async\" width=\"1024\" height=\"748\" src=\"https:\/\/u-labs.de\/portal\/wp-content\/uploads\/2022\/08\/image-1-1024x748.png\" alt=\"\" class=\"wp-image-9272\" srcset=\"https:\/\/u-labs.de\/portal\/wp-content\/uploads\/2022\/08\/image-1-1024x748.png 1024w, https:\/\/u-labs.de\/portal\/wp-content\/uploads\/2022\/08\/image-1-300x219.png 300w, https:\/\/u-labs.de\/portal\/wp-content\/uploads\/2022\/08\/image-1-768x561.png 768w, https:\/\/u-labs.de\/portal\/wp-content\/uploads\/2022\/08\/image-1-70x51.png 70w, https:\/\/u-labs.de\/portal\/wp-content\/uploads\/2022\/08\/image-1.png 1087w\" sizes=\"auto, (max-width: 1024px) 100vw, 1024px\" \/><\/a><\/figure>\n<\/div>\n<h2 class=\"wp-block-heading\">Files: Eine weniger m\u00e4chtige, aber daf\u00fcr ansprechende Alternative<\/h2>\n<p>2021 wurde das quelloffene Projekt <a href=\"https:\/\/files.community\/\" title=\"Files\" target=\"_blank\" rel=\"nofollow\">Files<\/a> ins Leben gerufen und versucht, diese L\u00fccke zu schlie\u00dfen &#8211; also einen Kompromiss aus zus\u00e4tzlichen n\u00fctzlichen Funktionen mit optisch ansprechendem Aussehen, ohne das Fenster zu \u00fcberladen. Man setzt auf <strong>WinUI<\/strong>, welches Microsoft selbst bei Windows 11 verwendet. Daher erinnert die Software stark an das neue Windows-Betriebssystem &#8211; unabh\u00e4ngig davon, ob sie unter Windows 10 oder 11 l\u00e4uft.<\/p>\n<p>Wer h\u00e4ufig mit mehreren Ordnern hantiert wei\u00df, wie <strong>unpraktisch<\/strong> das arbeiten in mehreren Explorer-Fenstern sein kann. Zumal jedes davon einen eigenen Eintrag in der Taskleiste \u00f6ffnet &#8211; <strong>\u00dcbersichtlichkeit<\/strong> sieht anders aus. Seit l\u00e4ngerem w\u00fcnschen sich einige Nutzer daher Registerkarten, wie man sie als Tabs im Browser und anderen Programmen zunehmend kennt. Unter GNU\/Linux ist dies <strong>seit langem eine Standardfunktion<\/strong>: <a href=\"https:\/\/arstechnica.com\/information-technology\/2010\/02\/hands-on-semantic-desktop-starts-to-show-in-kde-sc-44\/\" title=\"KDE etwa f\u00fchrte Tabs bereits 2010 ein\" target=\"_blank\" rel=\"nofollow\">KDE etwa f\u00fchrte Tabs bereits 2010 ein<\/a>. Files erschien zwar 11 Jahre sp\u00e4ter, r\u00fcstet dies aber ebenfalls nach:<\/p>\n<div class=\"wp-block-image\">\n<figure class=\"aligncenter size-large\"><a href=\"https:\/\/u-labs.de\/portal\/wp-content\/uploads\/2022\/08\/image-3.png\"><img loading=\"lazy\" decoding=\"async\" width=\"1024\" height=\"281\" src=\"https:\/\/u-labs.de\/portal\/wp-content\/uploads\/2022\/08\/image-3-1024x281.png\" alt=\"\" class=\"wp-image-9274\" srcset=\"https:\/\/u-labs.de\/portal\/wp-content\/uploads\/2022\/08\/image-3-1024x281.png 1024w, https:\/\/u-labs.de\/portal\/wp-content\/uploads\/2022\/08\/image-3-300x82.png 300w, https:\/\/u-labs.de\/portal\/wp-content\/uploads\/2022\/08\/image-3-768x211.png 768w, https:\/\/u-labs.de\/portal\/wp-content\/uploads\/2022\/08\/image-3-70x19.png 70w, https:\/\/u-labs.de\/portal\/wp-content\/uploads\/2022\/08\/image-3.png 1061w\" sizes=\"auto, (max-width: 1024px) 100vw, 1024px\" \/><\/a><\/figure>\n<\/div>\n<p>Es bietet ebenfalls eine<strong> vertikal geteilte Ansicht<\/strong>. Dazu muss man sie zuerst in den Einstellungen unter dem Reiter <strong>Multitasking<\/strong> aktivieren<\/p>\n<div class=\"wp-block-image\">\n<figure class=\"aligncenter size-full\"><a href=\"https:\/\/u-labs.de\/portal\/wp-content\/uploads\/2022\/08\/image-8.png\"><img loading=\"lazy\" decoding=\"async\" width=\"783\" height=\"244\" src=\"https:\/\/u-labs.de\/portal\/wp-content\/uploads\/2022\/08\/image-8.png\" alt=\"\" class=\"wp-image-9279\" srcset=\"https:\/\/u-labs.de\/portal\/wp-content\/uploads\/2022\/08\/image-8.png 783w, https:\/\/u-labs.de\/portal\/wp-content\/uploads\/2022\/08\/image-8-300x93.png 300w, https:\/\/u-labs.de\/portal\/wp-content\/uploads\/2022\/08\/image-8-768x239.png 768w, https:\/\/u-labs.de\/portal\/wp-content\/uploads\/2022\/08\/image-8-70x22.png 70w\" sizes=\"auto, (max-width: 783px) 100vw, 783px\" \/><\/a><\/figure>\n<\/div>\n<p>Nun klickt man mit der rechten Maustaste auf einen Ordner und klickt im Kontextmen\u00fc auf <strong>In sekund\u00e4rem Panel \u00f6ffnen<\/strong>. Dies ist besonders praktisch, wenn man zwei Ordner miteinander vergleichen oder Dateien sortieren m\u00f6chte.<\/p>\n<figure class=\"wp-block-image size-large\"><a href=\"https:\/\/u-labs.de\/portal\/wp-content\/uploads\/2022\/08\/image-2.png\"><img loading=\"lazy\" decoding=\"async\" width=\"1024\" height=\"796\" src=\"https:\/\/u-labs.de\/portal\/wp-content\/uploads\/2022\/08\/image-2-1024x796.png\" alt=\"\" class=\"wp-image-9273\" srcset=\"https:\/\/u-labs.de\/portal\/wp-content\/uploads\/2022\/08\/image-2-1024x796.png 1024w, https:\/\/u-labs.de\/portal\/wp-content\/uploads\/2022\/08\/image-2-300x233.png 300w, https:\/\/u-labs.de\/portal\/wp-content\/uploads\/2022\/08\/image-2-768x597.png 768w, https:\/\/u-labs.de\/portal\/wp-content\/uploads\/2022\/08\/image-2-70x54.png 70w, https:\/\/u-labs.de\/portal\/wp-content\/uploads\/2022\/08\/image-2.png 1197w\" sizes=\"auto, (max-width: 1024px) 100vw, 1024px\" \/><\/a><\/figure>\n<p>Wer <strong>optische Anpassungen<\/strong> wie neue Designs mag, wird sich \u00fcber die Anpassungsm\u00f6glichkeiten freuen. Man hat nicht nur die Wahl zwischen einem hellen und dunklen Aussehen, wie es mittlerweile von einigen Programmen angeboten wird. Es stehen auch mehrere <strong>Themes<\/strong> zur Verf\u00fcgung. Sie f\u00e4rben das Programm wahlweise etwa in blau, rot, grau oder gr\u00fcn.<\/p>\n<div class=\"wp-block-image\">\n<figure class=\"aligncenter size-large\"><a href=\"https:\/\/u-labs.de\/portal\/wp-content\/uploads\/2022\/08\/image-5.png\"><img loading=\"lazy\" decoding=\"async\" width=\"1024\" height=\"898\" src=\"https:\/\/u-labs.de\/portal\/wp-content\/uploads\/2022\/08\/image-5-1024x898.png\" alt=\"\" class=\"wp-image-9276\" srcset=\"https:\/\/u-labs.de\/portal\/wp-content\/uploads\/2022\/08\/image-5-1024x898.png 1024w, https:\/\/u-labs.de\/portal\/wp-content\/uploads\/2022\/08\/image-5-300x263.png 300w, https:\/\/u-labs.de\/portal\/wp-content\/uploads\/2022\/08\/image-5-768x673.png 768w, https:\/\/u-labs.de\/portal\/wp-content\/uploads\/2022\/08\/image-5-70x61.png 70w, https:\/\/u-labs.de\/portal\/wp-content\/uploads\/2022\/08\/image-5.png 1062w\" sizes=\"auto, (max-width: 1024px) 100vw, 1024px\" \/><\/a><\/figure>\n<\/div>\n<p>Es lohnt sich auch ein Blick in die <strong>restlichen Einstellungen<\/strong>. Man kann dort einige durchaus n\u00fctzliche Dinge einstellen, die der offizielle Windows Explorer verwehrt: Etwa neue Ordner in einem eigenen Tab \u00f6ffnen, \u00d6ffnen durch einfachen Klick (statt wie \u00fcblich Doppelklick) oder die M\u00f6glichkeit, bestimmte Einstellungen f\u00fcr einzelne Ordner zu aktivieren. Dazu z\u00e4hlt etwa die Art der Ansicht. Auch Feinheiten wie das Datumsformat lassen sich anpassen.<\/p>\n<div class=\"wp-block-image\">\n<figure class=\"aligncenter size-full\"><a href=\"https:\/\/u-labs.de\/portal\/wp-content\/uploads\/2022\/08\/image-6.png\"><img loading=\"lazy\" decoding=\"async\" width=\"793\" height=\"636\" src=\"https:\/\/u-labs.de\/portal\/wp-content\/uploads\/2022\/08\/image-6.png\" alt=\"\" class=\"wp-image-9277\" srcset=\"https:\/\/u-labs.de\/portal\/wp-content\/uploads\/2022\/08\/image-6.png 793w, https:\/\/u-labs.de\/portal\/wp-content\/uploads\/2022\/08\/image-6-300x241.png 300w, https:\/\/u-labs.de\/portal\/wp-content\/uploads\/2022\/08\/image-6-768x616.png 768w, https:\/\/u-labs.de\/portal\/wp-content\/uploads\/2022\/08\/image-6-70x56.png 70w\" sizes=\"auto, (max-width: 793px) 100vw, 793px\" \/><\/a><\/figure>\n<\/div>\n<p>F\u00fcr manche sicher ebenfalls praktisch ist die <strong>Starteinstellung<\/strong>. Dort l\u00e4sst sich festlegen, dass jene Ordner automatisch ge\u00f6ffnet wurden, die beim letzten Start ge\u00f6ffnet waren.<\/p>\n<p>Dar\u00fcber hinaus gibt es noch weitere kleine Funktionen, die nicht unbedingt sofort ins Auge fallen &#8211; aber dennoch n\u00fctzlich sind. Sobald man Dateien bzw. Ordner kopiert oder verschiebt, erscheint rechts oben neben den Einstellungen ein neuer Knopf. Ein Klick darauf \u00f6ffnet eine Liste mit den letzten Vorg\u00e4ngen.<\/p>\n<div class=\"wp-block-image\">\n<figure class=\"alignleft size-full\"><a href=\"https:\/\/u-labs.de\/portal\/wp-content\/uploads\/2022\/08\/2022-08-23_15-07.png\"><img loading=\"lazy\" decoding=\"async\" width=\"338\" height=\"425\" src=\"https:\/\/u-labs.de\/portal\/wp-content\/uploads\/2022\/08\/2022-08-23_15-07.png\" alt=\"\" class=\"wp-image-9289\" srcset=\"https:\/\/u-labs.de\/portal\/wp-content\/uploads\/2022\/08\/2022-08-23_15-07.png 338w, https:\/\/u-labs.de\/portal\/wp-content\/uploads\/2022\/08\/2022-08-23_15-07-239x300.png 239w, https:\/\/u-labs.de\/portal\/wp-content\/uploads\/2022\/08\/2022-08-23_15-07-56x70.png 56w\" sizes=\"auto, (max-width: 338px) 100vw, 338px\" \/><\/a><\/figure>\n<\/div>\n<div class=\"wp-block-image\">\n<figure class=\"alignleft size-full\"><a href=\"https:\/\/u-labs.de\/portal\/wp-content\/uploads\/2022\/08\/image-12.png\"><img loading=\"lazy\" decoding=\"async\" width=\"346\" height=\"430\" src=\"https:\/\/u-labs.de\/portal\/wp-content\/uploads\/2022\/08\/image-12.png\" alt=\"\" class=\"wp-image-9284\" srcset=\"https:\/\/u-labs.de\/portal\/wp-content\/uploads\/2022\/08\/image-12.png 346w, https:\/\/u-labs.de\/portal\/wp-content\/uploads\/2022\/08\/image-12-241x300.png 241w, https:\/\/u-labs.de\/portal\/wp-content\/uploads\/2022\/08\/image-12-56x70.png 56w\" sizes=\"auto, (max-width: 346px) 100vw, 346px\" \/><\/a><\/figure>\n<\/div>\n<\/p>\n<\/p>\n<p class=\"has-text-align-left\">Vergleichbares kennt man z.B. aus dem Browser Mozilla Firefox:<\/p>\n<div class=\"wp-block-image\">\n<figure class=\"aligncenter size-full\"><a href=\"https:\/\/u-labs.de\/portal\/wp-content\/uploads\/2022\/08\/image-13.png\"><img loading=\"lazy\" decoding=\"async\" width=\"457\" height=\"225\" src=\"https:\/\/u-labs.de\/portal\/wp-content\/uploads\/2022\/08\/image-13.png\" alt=\"\" class=\"wp-image-9285\" srcset=\"https:\/\/u-labs.de\/portal\/wp-content\/uploads\/2022\/08\/image-13.png 457w, https:\/\/u-labs.de\/portal\/wp-content\/uploads\/2022\/08\/image-13-300x148.png 300w, https:\/\/u-labs.de\/portal\/wp-content\/uploads\/2022\/08\/image-13-70x34.png 70w\" sizes=\"auto, (max-width: 457px) 100vw, 457px\" \/><\/a><\/figure>\n<\/div>\n<h3 class=\"wp-block-heading\">Neue Experimentelle Funktionen<\/h3>\n<p>In Version 2.3 sind <strong>Tags<\/strong> dazugekommen, mit denen ihr Dateien\/Ordner gruppieren k\u00f6nnt. Auch die Ordnergr\u00f6\u00dfe l\u00e4sst sich anzeigen. Das ist n\u00fctzlich, allerdings darf man nicht vergessen: Daf\u00fcr muss die Software die Gr\u00f6\u00dfe aller Dateien darin summieren, dementsprechend kann sich das auf die Leistung auswirken. Beide Funktionen sind noch experimentell und m\u00fcssen daher \u00fcber die Einstellungen von Hand aktiviert werden:<\/p>\n<div class=\"wp-block-image\">\n<figure class=\"aligncenter size-full\"><a href=\"https:\/\/u-labs.de\/portal\/wp-content\/uploads\/2022\/08\/image-7.png\"><img loading=\"lazy\" decoding=\"async\" width=\"797\" height=\"294\" src=\"https:\/\/u-labs.de\/portal\/wp-content\/uploads\/2022\/08\/image-7.png\" alt=\"\" class=\"wp-image-9278\" srcset=\"https:\/\/u-labs.de\/portal\/wp-content\/uploads\/2022\/08\/image-7.png 797w, https:\/\/u-labs.de\/portal\/wp-content\/uploads\/2022\/08\/image-7-300x111.png 300w, https:\/\/u-labs.de\/portal\/wp-content\/uploads\/2022\/08\/image-7-768x283.png 768w, https:\/\/u-labs.de\/portal\/wp-content\/uploads\/2022\/08\/image-7-70x26.png 70w\" sizes=\"auto, (max-width: 797px) 100vw, 797px\" \/><\/a><\/figure>\n<\/div>\n<p>Erst danach erscheint die Funktion in der Oberfl\u00e4che. Ein Neustart ist zu empfehlen, da manche Teile (z.B. die Kategorie links) erst danach erscheinen. Bei den Markierungen wird etwa eine Spalte <strong>Schlagwort<\/strong> hinzugef\u00fcgt. Au\u00dferdem kann man im Rechtsklick-Kontextmen\u00fc aus verschiedenen Farben w\u00e4hlen:<\/p>\n<div class=\"wp-block-image\">\n<figure class=\"aligncenter size-full\"><a href=\"https:\/\/u-labs.de\/portal\/wp-content\/uploads\/2022\/08\/image-9.png\"><img loading=\"lazy\" decoding=\"async\" width=\"553\" height=\"367\" src=\"https:\/\/u-labs.de\/portal\/wp-content\/uploads\/2022\/08\/image-9.png\" alt=\"\" class=\"wp-image-9280\" srcset=\"https:\/\/u-labs.de\/portal\/wp-content\/uploads\/2022\/08\/image-9.png 553w, https:\/\/u-labs.de\/portal\/wp-content\/uploads\/2022\/08\/image-9-300x199.png 300w, https:\/\/u-labs.de\/portal\/wp-content\/uploads\/2022\/08\/image-9-70x46.png 70w\" sizes=\"auto, (max-width: 553px) 100vw, 553px\" \/><\/a><\/figure>\n<\/div>\n<p>Standardm\u00e4\u00dfig sind die Schlagworte auf den Name der jeweiligen Farbe (z.B. <em>Yellow<\/em> f\u00fcr Gelb) gesetzt. Der Anzeigename ist durch Ausklappen der experimentellen Funktion \u00e4nderbar. Allerdings gibt es bisher noch keine grafische Oberfl\u00e4che dazu &#8211; man muss eine JSO-Datei h\u00e4ndisch bearbeiten:<\/p>\n<div class=\"wp-block-image\">\n<figure class=\"aligncenter size-full\"><a href=\"https:\/\/u-labs.de\/portal\/wp-content\/uploads\/2022\/08\/image-10.png\"><img loading=\"lazy\" decoding=\"async\" width=\"478\" height=\"279\" src=\"https:\/\/u-labs.de\/portal\/wp-content\/uploads\/2022\/08\/image-10.png\" alt=\"\" class=\"wp-image-9281\" srcset=\"https:\/\/u-labs.de\/portal\/wp-content\/uploads\/2022\/08\/image-10.png 478w, https:\/\/u-labs.de\/portal\/wp-content\/uploads\/2022\/08\/image-10-300x175.png 300w, https:\/\/u-labs.de\/portal\/wp-content\/uploads\/2022\/08\/image-10-70x41.png 70w\" sizes=\"auto, (max-width: 478px) 100vw, 478px\" \/><\/a><\/figure>\n<\/div>\n<p>Nach einem Neustart erscheint das umbenannte Schlagwort. Auch Dateien, die mit der vorherigen Bezeichnung verkn\u00fcpft wurden, lassen sich damit filtern.<\/p>\n<div class=\"wp-block-image\">\n<figure class=\"aligncenter size-large\"><a href=\"https:\/\/u-labs.de\/portal\/wp-content\/uploads\/2022\/08\/image-11.png\"><img loading=\"lazy\" decoding=\"async\" width=\"1024\" height=\"558\" src=\"https:\/\/u-labs.de\/portal\/wp-content\/uploads\/2022\/08\/image-11-1024x558.png\" alt=\"\" class=\"wp-image-9282\" srcset=\"https:\/\/u-labs.de\/portal\/wp-content\/uploads\/2022\/08\/image-11-1024x558.png 1024w, https:\/\/u-labs.de\/portal\/wp-content\/uploads\/2022\/08\/image-11-300x163.png 300w, https:\/\/u-labs.de\/portal\/wp-content\/uploads\/2022\/08\/image-11-768x418.png 768w, https:\/\/u-labs.de\/portal\/wp-content\/uploads\/2022\/08\/image-11-70x38.png 70w, https:\/\/u-labs.de\/portal\/wp-content\/uploads\/2022\/08\/image-11.png 1043w\" sizes=\"auto, (max-width: 1024px) 100vw, 1024px\" \/><\/a><\/figure>\n<\/div>\n<p>In einer fr\u00fcheren Version gab es <strong>Sammlungen<\/strong>, die einen \u00e4hnlichen Zweck erf\u00fcllten. Allerdings nicht in Form von Schlagworten und Farben, sondern Boxen auf der Startseite. <\/p>\n<div class=\"wp-block-image\">\n<figure class=\"aligncenter size-full\"><a href=\"https:\/\/u-labs.de\/portal\/wp-content\/uploads\/2022\/08\/image-4.png\"><img loading=\"lazy\" decoding=\"async\" width=\"582\" height=\"453\" src=\"https:\/\/u-labs.de\/portal\/wp-content\/uploads\/2022\/08\/image-4.png\" alt=\"\" class=\"wp-image-9275\" srcset=\"https:\/\/u-labs.de\/portal\/wp-content\/uploads\/2022\/08\/image-4.png 582w, https:\/\/u-labs.de\/portal\/wp-content\/uploads\/2022\/08\/image-4-300x234.png 300w, https:\/\/u-labs.de\/portal\/wp-content\/uploads\/2022\/08\/image-4-70x54.png 70w\" sizes=\"auto, (max-width: 582px) 100vw, 582px\" \/><\/a><\/figure>\n<\/div>\n<p>Bedenkt, dass die Tags von Windows nicht unterst\u00fctzt werden und daher <strong>nur in Files<\/strong> funktionieren! <\/p>\n<h2 class=\"wp-block-heading\">Nachteile von Files: Das hat sich verschlimmbessert<\/h2>\n<p>Wie zuvor erw\u00e4hnt, orientiert sich Files vom Design her an Windows 11. Ob das optisch nun sch\u00f6ner ist als Windows 10 oder nicht, dar\u00fcber l\u00e4sst sich je nach Geschmack sicherlich streiten. Unter Umst\u00e4nden kann das von Windows 11 \u00fcbernommene Kontextmen\u00fc nachteilig sein. Dies wurde n\u00e4mlich recht radikal aufger\u00e4umt. Vor allem viele von selbst installierten Programmen eingef\u00fcgte Eintr\u00e4ge sind nicht mehr direkt sichtbar &#8211; sie sind in einem Sammelsurium unter <strong>Mehr<\/strong> aufgelistet. In meiner Windows 10 VM betrifft dies zumindest Visual Studio Code, 7-Zip und Notepad++.<\/p>\n<div class=\"wp-block-image\">\n<figure class=\"aligncenter size-full\"><a href=\"https:\/\/u-labs.de\/portal\/wp-content\/uploads\/2022\/08\/grafik-1.png\"><img loading=\"lazy\" decoding=\"async\" width=\"543\" height=\"535\" src=\"https:\/\/u-labs.de\/portal\/wp-content\/uploads\/2022\/08\/grafik-1.png\" alt=\"\" class=\"wp-image-9290\" srcset=\"https:\/\/u-labs.de\/portal\/wp-content\/uploads\/2022\/08\/grafik-1.png 543w, https:\/\/u-labs.de\/portal\/wp-content\/uploads\/2022\/08\/grafik-1-300x296.png 300w, https:\/\/u-labs.de\/portal\/wp-content\/uploads\/2022\/08\/grafik-1-70x70.png 70w\" sizes=\"auto, (max-width: 543px) 100vw, 543px\" \/><\/a><\/figure>\n<\/div>\n<p>Das d\u00fcrfte vor allem f\u00fcr Vielnutzer ein \u00c4rgernis sein: Wer diese Eintr\u00e4gt nutzt, muss jedes mal einen Klick mehr ausf\u00fchren. Hier sieht man das bisherige Kontextmen\u00fc von Windows 10, in dem diese Eintr\u00e4ge direkt ohne zweiten Klick ausgew\u00e4hlt werden k\u00f6nnen:<\/p>\n<div class=\"wp-block-image\">\n<figure class=\"aligncenter size-full\"><a href=\"https:\/\/u-labs.de\/portal\/wp-content\/uploads\/2022\/08\/grafik-3.png\"><img loading=\"lazy\" decoding=\"async\" width=\"348\" height=\"491\" src=\"https:\/\/u-labs.de\/portal\/wp-content\/uploads\/2022\/08\/grafik-3.png\" alt=\"\" class=\"wp-image-9292\" srcset=\"https:\/\/u-labs.de\/portal\/wp-content\/uploads\/2022\/08\/grafik-3.png 348w, https:\/\/u-labs.de\/portal\/wp-content\/uploads\/2022\/08\/grafik-3-213x300.png 213w, https:\/\/u-labs.de\/portal\/wp-content\/uploads\/2022\/08\/grafik-3-50x70.png 50w\" sizes=\"auto, (max-width: 348px) 100vw, 348px\" \/><\/a><\/figure>\n<\/div>\n<h2 class=\"wp-block-heading\">Fazit<\/h2>\n<p>In dieser Hinsicht ist <strong>Files<\/strong> in meinen Augen gegen\u00fcber den offiziellen Windows Explorer im Nachteil. Wobei man argumentieren kann, dass Alternativen wie Total Commander gar kein Kontextmen\u00fc bieten. Dort kann eine Datei also nicht ohne weiteres an externe Programme \u00fcbergeben werden. Bis auf diesen Punkt bietet Files jedoch n\u00fctzliche Erweiterungen mit einer ansprechenden Oberfl\u00e4che. F\u00fcr einige Nutzer d\u00fcrften das interessante Erg\u00e4nzungen sein, die den Nachteil vielleicht sogar \u00fcberwiegen.<\/p>\n","protected":false},"excerpt":{"rendered":"<p>Wer Windows nutzt, kommt um den Windows Explorer kaum herum: Sobald man mit Dateien arbeitet, ist er das Standardwerkzeug in Microsofts Betriebssystem. Das Programm wird auch Datei Explorer oder abgek\u00fcrzt schlicht nur Explorer genannt. Es ist seit Windows 95 Bestandteil des Betriebssystems. Mit Windows 8 wurden die oberen Men\u00fcs durch das Men\u00fcband (Ribbon) ersetzt. Bereits &#8230;<\/p>\n","protected":false},"author":5,"featured_media":9296,"comment_status":"open","ping_status":"open","sticky":false,"template":"","format":"standard","meta":{"footnotes":""},"categories":[91],"tags":[1055,1056,1054],"class_list":["post-9270","post","type-post","status-publish","format-standard","has-post-thumbnail","hentry","category-windows","tag-dateiexplorer","tag-files","tag-windows-explorer"],"_links":{"self":[{"href":"https:\/\/u-labs.de\/portal\/wp-json\/wp\/v2\/posts\/9270","targetHints":{"allow":["GET"]}}],"collection":[{"href":"https:\/\/u-labs.de\/portal\/wp-json\/wp\/v2\/posts"}],"about":[{"href":"https:\/\/u-labs.de\/portal\/wp-json\/wp\/v2\/types\/post"}],"author":[{"embeddable":true,"href":"https:\/\/u-labs.de\/portal\/wp-json\/wp\/v2\/users\/5"}],"replies":[{"embeddable":true,"href":"https:\/\/u-labs.de\/portal\/wp-json\/wp\/v2\/comments?post=9270"}],"version-history":[{"count":10,"href":"https:\/\/u-labs.de\/portal\/wp-json\/wp\/v2\/posts\/9270\/revisions"}],"predecessor-version":[{"id":9864,"href":"https:\/\/u-labs.de\/portal\/wp-json\/wp\/v2\/posts\/9270\/revisions\/9864"}],"wp:featuredmedia":[{"embeddable":true,"href":"https:\/\/u-labs.de\/portal\/wp-json\/wp\/v2\/media\/9296"}],"wp:attachment":[{"href":"https:\/\/u-labs.de\/portal\/wp-json\/wp\/v2\/media?parent=9270"}],"wp:term":[{"taxonomy":"category","embeddable":true,"href":"https:\/\/u-labs.de\/portal\/wp-json\/wp\/v2\/categories?post=9270"},{"taxonomy":"post_tag","embeddable":true,"href":"https:\/\/u-labs.de\/portal\/wp-json\/wp\/v2\/tags?post=9270"}],"curies":[{"name":"wp","href":"https:\/\/api.w.org\/{rel}","templated":true}]}}