{"id":9380,"date":"2022-09-03T20:12:30","date_gmt":"2022-09-03T18:12:30","guid":{"rendered":"https:\/\/u-labs.de\/portal\/?p=9380"},"modified":"2022-12-12T19:47:45","modified_gmt":"2022-12-12T17:47:45","slug":"giada-h81-im-test-mini-pc-mit-intel-i5-fur-unter-100-euro-raspberry-pi-alternative-test-windows-linux","status":"publish","type":"post","link":"https:\/\/u-labs.de\/portal\/giada-h81-im-test-mini-pc-mit-intel-i5-fur-unter-100-euro-raspberry-pi-alternative-test-windows-linux\/","title":{"rendered":"Giada H81 im Test: Mini-PC mit Intel i5 f\u00fcr unter 100\u20ac &#8211; Raspberry Pi Alternative unter Windows &#038; Linux getestet"},"content":{"rendered":"<h2 class=\"wp-block-heading\">Was steckt im Giada Mini-PC?<\/h2>\n<p>Das Format wird als USFF (<em>Ultra Small Form Factor<\/em>) bezeichnet. \u00c4u\u00dferlich ist er von der Gr\u00f6\u00dfe her etwas kleiner als ein Schuhkarton. Im Inneren steckt ein Intel Core i5-4590S, das &#8222;S&#8220; steht f\u00fcr <em>Special Edition<\/em>. <a href=\"https:\/\/www.cpubenchmark.net\/cpu.php?cpu=Intel+Core+i5-4590S+%40+3.00GHz&amp;id=2227\" title=\"Mit 5118 Punkten erreicht er in Benchmark\" target=\"_blank\" rel=\"nofollow\">Mit 5118 Punkten erreicht er in Benchmark<\/a> einen guten Wert. \u00dcber 6x mehr als der BCM2711 des Raspberry Pi 4. Der aus dem Jahre 2014 stammende i5 taktet mit 3,0 GHz und kann im Turbo-Modus auf bis zu 3,7 GHz steigen. Trotz des Alters kann man mit so einem Prozessor noch einiges anfangen. Zumal er mit 8 GB Arbeitsspeicher \u00fcppig ausgestattet ist. Lediglich die SSD ist mit 60 GB f\u00fcr heutige Verh\u00e4ltnisse ziemlich klein. In diesem Angebot ist zudem ein neues Netzteil enthalten, sodass man hier keinen Verschlei\u00df f\u00fcrchten muss. Mein Exemplar habe ich f\u00fcr 67 \u20ac inklusive Versand ersteigert.<\/p>\n<figure class=\"wp-block-image size-large\"><a href=\"https:\/\/u-labs.de\/portal\/wp-content\/uploads\/2022\/08\/grafik-20.png\"><img loading=\"lazy\" decoding=\"async\" width=\"1024\" height=\"493\" src=\"https:\/\/u-labs.de\/portal\/wp-content\/uploads\/2022\/08\/grafik-20-1024x493.png\" alt=\"\" class=\"wp-image-9381\" srcset=\"https:\/\/u-labs.de\/portal\/wp-content\/uploads\/2022\/08\/grafik-20-1024x493.png 1024w, https:\/\/u-labs.de\/portal\/wp-content\/uploads\/2022\/08\/grafik-20-300x144.png 300w, https:\/\/u-labs.de\/portal\/wp-content\/uploads\/2022\/08\/grafik-20-768x370.png 768w, https:\/\/u-labs.de\/portal\/wp-content\/uploads\/2022\/08\/grafik-20-70x34.png 70w, https:\/\/u-labs.de\/portal\/wp-content\/uploads\/2022\/08\/grafik-20.png 1157w\" sizes=\"auto, (max-width: 1024px) 100vw, 1024px\" \/><\/a><\/figure>\n<p>Die Front bietet neben dem Einschalter zwei LEDs (Power\/HDD) und zwei 3,5&#8243; Klinkenbuchsen zum Anschluss eines Kopfh\u00f6rers bzw. Mikrofons. Wer eine externe Festplatte oder andere Ger\u00e4te anschlie\u00dfen m\u00f6chte bei denen es auf die \u00dcbertragungsrate ankommt, wird sich \u00fcber die zwei blauen USB 3.0 Anschl\u00fcsse freuen.<\/p>\n<figure class=\"wp-block-image size-full\"><a href=\"https:\/\/u-labs.de\/portal\/wp-content\/uploads\/2022\/08\/vlcsnap-2022-08-30-20h33m49s804.jpg\"><img loading=\"lazy\" decoding=\"async\" width=\"1280\" height=\"495\" src=\"https:\/\/u-labs.de\/portal\/wp-content\/uploads\/2022\/08\/vlcsnap-2022-08-30-20h33m49s804.jpg\" alt=\"\" class=\"wp-image-9385\"\/><\/a><\/figure>\n<h3 class=\"wp-block-heading\">Innenleben\/Aufr\u00fcstbarkeit<\/h3>\n<p>Um den PC zu \u00f6ffnen, gibt es insgesamt vier Schrauben. Eine davon wurde mit einem roten Garantiekleber verdeckt. Von hinten gesehen muss der Deckel schr\u00e4g nach oben geklappt werden. Das gestaltet sich jedoch als fummelige Angelegenheit: In den Ecken wird der Deckel leicht nach oben gehebelt. Dabei auch etwas nach vorne, da er mit insgesamt drei Haken aus Metall eingehakt ist:<\/p>\n<figure class=\"wp-block-image size-full\"><a href=\"https:\/\/u-labs.de\/portal\/wp-content\/uploads\/2022\/08\/vlcsnap-2022-08-30-20h16m22s357.jpg\"><img loading=\"lazy\" decoding=\"async\" width=\"1280\" height=\"720\" src=\"https:\/\/u-labs.de\/portal\/wp-content\/uploads\/2022\/08\/vlcsnap-2022-08-30-20h16m22s357.jpg\" alt=\"\" class=\"wp-image-9382\"\/><\/a><\/figure>\n<p>So kann man den Deckel immer weiter aufklappen. Das Hebeln kann man mit einem Schraubendreher machen. Allerdings sollte man anfangs ein Tuch oder etwas anderes benutzen, da ansonsten das Geh\u00e4use leicht versehentlich verkratzt wird.<\/p>\n<figure class=\"wp-block-image size-full\"><a href=\"https:\/\/u-labs.de\/portal\/wp-content\/uploads\/2022\/08\/vlcsnap-2022-08-30-20h22m13s695.jpg\"><img loading=\"lazy\" decoding=\"async\" width=\"1280\" height=\"720\" src=\"https:\/\/u-labs.de\/portal\/wp-content\/uploads\/2022\/08\/vlcsnap-2022-08-30-20h22m13s695.jpg\" alt=\"\" class=\"wp-image-9383\"\/><\/a><\/figure>\n<p>Schlussendlich muss man ihn mit einer Mischung aus nach vorne ziehen und nach unten bewegen vorsichtig entfernen. F\u00fcr das Aufhebeln wird aufgrund der Metallhaken recht viel Kraft ben\u00f6tigt. Im Inneren kommt ein gro\u00dfer K\u00fchlk\u00f6rper, der sich mitsamt Prozessor theoretisch austauschen l\u00e4sst, zum Vorschein. Zusammen mit zwei DDR3 Arbeitsspeicherriegeln. Da eine normale 2,5&#8243; SATA-SSD als Speicher eingebaut ist, kann man hier recht g\u00fcnstig erweitern. Das Board besitzt sogar einen zweiten SATA-Anschluss. Um ihn zu nutzen fehlt aber neben dem Platz auch ein Stromanschluss.  <\/p>\n<figure class=\"wp-block-image size-full\"><a href=\"https:\/\/u-labs.de\/portal\/wp-content\/uploads\/2022\/08\/vlcsnap-2022-08-30-20h25m34s425.jpg\"><img loading=\"lazy\" decoding=\"async\" width=\"1280\" height=\"952\" src=\"https:\/\/u-labs.de\/portal\/wp-content\/uploads\/2022\/08\/vlcsnap-2022-08-30-20h25m34s425.jpg\" alt=\"\" class=\"wp-image-9384\"\/><\/a><\/figure>\n<h2 class=\"wp-block-heading\">Windows 10<\/h2>\n<p>Windows 10 Pro ist vorinstalliert, wie es in der Beschreibung angegeben war. Schon der Start ist schnell: Etwa 12 Sekunden vom Dr\u00fccken des Einschaltknopfes bis zum Anmeldebildschirm. Die Automatische Anmeldung ist nach 16 s abgeschlossen, sodass man den Desktop sieht.<\/p>\n<p>Ebenso die Bedienung ist sehr schnell und fl\u00fcssig. Egal welchen Browser man startet, er ist gef\u00fchlt sofort ge\u00f6ffnet. Bereits beim Surfen wird offensichtlich, dass der i5 deutlich mehr Leistung besitzt, als der Broadcom vom Raspberry Pi: Selbst bei mehreren Browsertabs wird nichts langsamer. Der Prozessor langweilt sich eher. Selbst bei komplexen Internetseiten steigt er maximal auf etwa 60 % und auch das nur f\u00fcr den Bruchteil einer Sekunde. Ganz anders beim Pi 4, dort bringt schon das Laden und Rendern von Internetseiten die CPU recht stark ins Schwitzen. Mehr dazu findet ihr <a href=\"https:\/\/u-labs.de\/portal\/raspberry-pi-4-als-desktop-ersatz-mit-manjaro-welche-software-bietet-die-auf-arch-linux-aufbauende-distribution-fuer-arm-wo-sind-die-grenzen\/\" title=\"Raspberry Pi 4 als Desktop Ersatz mit Manjaro: Welche Software bietet die auf Arch Linux aufbauende Distribution f\u00fcr ARM? Wo sind die Grenzen?\">in meinem Test zur Desktopnutzung mit Manjaro<\/a>.<\/p>\n<figure class=\"wp-block-image size-full\"><a href=\"https:\/\/u-labs.de\/portal\/wp-content\/uploads\/2022\/08\/Screenshot-2022-08-30-22-50-50.jpg\"><img loading=\"lazy\" decoding=\"async\" width=\"1920\" height=\"1080\" src=\"https:\/\/u-labs.de\/portal\/wp-content\/uploads\/2022\/08\/Screenshot-2022-08-30-22-50-50.jpg\" alt=\"\" class=\"wp-image-9392\"\/><\/a><\/figure>\n<p>Videos in Full-HD sind f\u00fcr den Prozessor absolut keine Herausforderung. Trotz fl\u00fcssiger Wiedergabe drosselt er den Takt stark. Erst bei 4K Material steigt die Auslastung auf etwa 25 &#8211; 40 Prozent an. Ruckler gibt es mit der hohen Aufl\u00f6sung w\u00e4hrend des Abspielen gelegentlich. Beim Spulen sind mir in 4K ein paar Sekunden Wartezeit aufgefallen. In Full-HD trat dies nicht auf.<\/p>\n<div class=\"wp-block-image\">\n<figure class=\"aligncenter size-full\"><a href=\"https:\/\/u-labs.de\/portal\/wp-content\/uploads\/2022\/08\/Screenshot-2022-08-30-22-54-02.jpg\"><img loading=\"lazy\" decoding=\"async\" width=\"208\" height=\"72\" src=\"https:\/\/u-labs.de\/portal\/wp-content\/uploads\/2022\/08\/Screenshot-2022-08-30-22-54-02.jpg\" alt=\"\" class=\"wp-image-9393\"\/><\/a><\/figure>\n<\/div>\n<h3 class=\"wp-block-heading\">Stromverbrauch<\/h3>\n<p>Abgesehen von einer kurzen Spitze beim Booten liegt der Stromverbrauch im Leerlauf bei etwa 16,5 Watt. In diesem Zeitraum waren keinerlei Programme ge\u00f6ffnet. Windows f\u00fchrte auch keine Hintergrundaufgaben wie etwa der Download oder die Installation von Upgrades aus. Deutlich mehr, als <a href=\"https:\/\/u-labs.de\/portal\/mini-pc-test-lenovo-thinkcentre-m910q-tiny-vergleich-raspberrypi4-geschwindigkeit-stromverbrauch\/\" title=\"Mini-PC im Test: Lenovo ThinkCentre M910q Tiny im Vergleich mit dem Raspberry Pi 4 \u2013 Geschwindigkeit &amp; Stromverbrauch\">der Lenovo M910q Tiny<\/a>: Er liegt bei knapp 4 Watt im Leerlauf. In beiden F\u00e4llen wurde mit dem <a href=\"https:\/\/amzn.to\/3Co2hNa\" title=\"habe ich mit dem FRITZ!DECT 200 Messger\u00e4t\" target=\"_blank\" rel=\"nofollow\">FRITZ!DECT 200 Messger\u00e4t<\/a> gemessen, sodass die Werte uneingeschr\u00e4nkt vergleichbar sind. <\/p>\n<figure class=\"wp-block-image size-large\"><a href=\"https:\/\/u-labs.de\/portal\/wp-content\/uploads\/2022\/08\/2022-08-30_18-21.png\"><img loading=\"lazy\" decoding=\"async\" width=\"1024\" height=\"495\" src=\"https:\/\/u-labs.de\/portal\/wp-content\/uploads\/2022\/08\/2022-08-30_18-21-1024x495.png\" alt=\"\" class=\"wp-image-9386\" srcset=\"https:\/\/u-labs.de\/portal\/wp-content\/uploads\/2022\/08\/2022-08-30_18-21-1024x495.png 1024w, https:\/\/u-labs.de\/portal\/wp-content\/uploads\/2022\/08\/2022-08-30_18-21-300x145.png 300w, https:\/\/u-labs.de\/portal\/wp-content\/uploads\/2022\/08\/2022-08-30_18-21-768x371.png 768w, https:\/\/u-labs.de\/portal\/wp-content\/uploads\/2022\/08\/2022-08-30_18-21-1536x742.png 1536w, https:\/\/u-labs.de\/portal\/wp-content\/uploads\/2022\/08\/2022-08-30_18-21-2048x989.png 2048w, https:\/\/u-labs.de\/portal\/wp-content\/uploads\/2022\/08\/2022-08-30_18-21-70x34.png 70w\" sizes=\"auto, (max-width: 1024px) 100vw, 1024px\" \/><\/a><\/figure>\n<p>Realistischer im Alltag ist das Surfen im Internet (linker Strich) sowie die Wiedergabe von Actionfilm-Trailern auf YouTube (rechts). Beim St\u00f6bern im Internet ist der Verbrauch kaum h\u00f6her als im Leerlauf und auch der Unterschied zum Tiny ist geringer. Hierbei wurde ein PiHole im Netzwerk verwendet. Mit Werbung w\u00e4re das Ger\u00e4t wohl nicht nur langsamer, sondern w\u00fcrde auch mehr Strom aus der Steckdose ziehen. Wenn Videos mit 1080p im Vollbildmodus angeschaut werden, kommt es nur kurzzeitig mal zu Spitzen von maximal 43 Watt. Im Standby-Modus von Windows sind es etwa 2,4 Watt. <em>Weckt<\/em> man ihn auf, ist nach nur ca. 4 Sekunden wieder der Anmeldebildschirm zu sehen.<\/p>\n<figure class=\"wp-block-image size-large\"><a href=\"https:\/\/u-labs.de\/portal\/wp-content\/uploads\/2022\/08\/2022-08-30_18-31.png\"><img loading=\"lazy\" decoding=\"async\" width=\"1024\" height=\"491\" src=\"https:\/\/u-labs.de\/portal\/wp-content\/uploads\/2022\/08\/2022-08-30_18-31-1024x491.png\" alt=\"\" class=\"wp-image-9387\" srcset=\"https:\/\/u-labs.de\/portal\/wp-content\/uploads\/2022\/08\/2022-08-30_18-31-1024x491.png 1024w, https:\/\/u-labs.de\/portal\/wp-content\/uploads\/2022\/08\/2022-08-30_18-31-300x144.png 300w, https:\/\/u-labs.de\/portal\/wp-content\/uploads\/2022\/08\/2022-08-30_18-31-768x368.png 768w, https:\/\/u-labs.de\/portal\/wp-content\/uploads\/2022\/08\/2022-08-30_18-31-1536x737.png 1536w, https:\/\/u-labs.de\/portal\/wp-content\/uploads\/2022\/08\/2022-08-30_18-31-2048x982.png 2048w, https:\/\/u-labs.de\/portal\/wp-content\/uploads\/2022\/08\/2022-08-30_18-31-70x34.png 70w\" sizes=\"auto, (max-width: 1024px) 100vw, 1024px\" \/><\/a><\/figure>\n<p>Der L\u00fcfter ist im Leerlauf oder bei geringer Last leicht h\u00f6rbar, sofern Stille im Raum herrscht. Bereits wenn ein Film l\u00e4uft, man Musik h\u00f6rt oder sich unterh\u00e4lt, bekommt man davon nichts mehr mit.<\/p>\n<p>Wie sieht es unter Vollast aus? Hier ist bei konstant 100% Auslastung mit maximal rund 69,7 W zu rechnen. Deutlich h\u00f6rbar ist nun auch der L\u00fcfter. Der Prozessor wird dabei bis zu 67 \u00b0C warm und man h\u00f6rt den L\u00fcfter nun deutlich. Zum Vergleich: Der Lenovo Tiny war mit knapp 40 Watt bei Vollauslastung ein gutes St\u00fcck gen\u00fcgsamer. <\/p>\n<figure class=\"wp-block-image size-full\"><a href=\"https:\/\/u-labs.de\/portal\/wp-content\/uploads\/2022\/08\/Screenshot-2022-08-30-21-28-14.jpg\"><img loading=\"lazy\" decoding=\"async\" width=\"1920\" height=\"1080\" src=\"https:\/\/u-labs.de\/portal\/wp-content\/uploads\/2022\/08\/Screenshot-2022-08-30-21-28-14.jpg\" alt=\"\" class=\"wp-image-9389\"\/><\/a><\/figure>\n<p>Bei 50% Auslastung sinkt der Verbrauch auf 53,4 Watt ab, die Temperatur auf 52 \u00b0C. Folgende Grafik zeigt den Stromverbrauch im Standby (1), Leerlauf (2), auf 100% k\u00fcnstlicher Auslastung (3) und mit 50% Prime95 Auslastung (4).<\/p>\n<figure class=\"wp-block-image size-large\"><a href=\"https:\/\/u-labs.de\/portal\/wp-content\/uploads\/2022\/08\/grafik-21.png\"><img loading=\"lazy\" decoding=\"async\" width=\"1024\" height=\"384\" src=\"https:\/\/u-labs.de\/portal\/wp-content\/uploads\/2022\/08\/grafik-21-1024x384.png\" alt=\"\" class=\"wp-image-9390\" srcset=\"https:\/\/u-labs.de\/portal\/wp-content\/uploads\/2022\/08\/grafik-21-1024x384.png 1024w, https:\/\/u-labs.de\/portal\/wp-content\/uploads\/2022\/08\/grafik-21-300x113.png 300w, https:\/\/u-labs.de\/portal\/wp-content\/uploads\/2022\/08\/grafik-21-768x288.png 768w, https:\/\/u-labs.de\/portal\/wp-content\/uploads\/2022\/08\/grafik-21-1536x576.png 1536w, https:\/\/u-labs.de\/portal\/wp-content\/uploads\/2022\/08\/grafik-21-2048x768.png 2048w, https:\/\/u-labs.de\/portal\/wp-content\/uploads\/2022\/08\/grafik-21-70x26.png 70w\" sizes=\"auto, (max-width: 1024px) 100vw, 1024px\" \/><\/a><\/figure>\n<p>Die Kosten sind derzeit noch schwieriger zu berechnen als sonst, da die Preise deutlich steigen. Von den 0,32 \u20ac pro kWh aus meinem Test des Lenovo Tinys sind einige mittlerweile weit entfernt: <a href=\"https:\/\/www.vergleich.de\/strompreise.html\" title=\"Laut Verivox\" target=\"_blank\" rel=\"nofollow\">Laut Verivox<\/a> lag der durchschnittliche Preis im August 2022 bei rund 0,42 \u20ac. Das kann abh\u00e4ngig von verschiedenen Umst\u00e4nden stark schwanken. Wir rechnen im Folgenden mit dem Durchschnittswert.<\/p>\n<ul class=\"wp-block-list\">\n<li>Leerlauf: 16,5 W<\/li>\n<li>Surfen und \u00e4hnliche Szenarien mit geringem Verbrauch: Ca. 20 W<\/li>\n<li>50 % Last: 53,4 W<\/li>\n<\/ul>\n<p>Im Alltag ist wohl der ungef\u00e4hre Wert von 20 W f\u00fcr das Surfen am realistischsten. Wenn man mit dem Ger\u00e4t 3 h pro Tag surft, sind das 0,76 \u20ac pro Monat und 9,07 \u20ac j\u00e4hrlich. Wer damit arbeitet und ihn im Schnitt sieben Stunden pro Tag nutzt, bezahlt 1,76 \u20ac\/Monat oder 21,17 \u20ac\/Jahr.<\/p>\n<p>Im 24\/7 Betrieb kann man diesen Wert auch ungef\u00e4hr als Server verwenden, da diese oft eher im Leerlauf sind. Hier muss man mit 6,05 \u20ac monatlich bzw. 72,58 \u20ac im Jahr rechnen. Au\u00dfer man f\u00fchrt rechenintensive Aufgaben wie z.B. Mining aus, was &#8211; neben den Folgen f\u00fcr die Umwelt &#8211; wohl mittlerweile auch nicht mehr lohnenswert sein d\u00fcrfte. Mit konstant 50 % Auslastung w\u00e4ren es bereits 193,78 \u20ac\/Jahr, bei 100 % Prozessorlast sogar 252,93 Euro\/Jahr.<\/p>\n<figure class=\"wp-block-image size-large\"><a href=\"https:\/\/u-labs.de\/portal\/wp-content\/uploads\/2022\/08\/grafik-22.png\"><img loading=\"lazy\" decoding=\"async\" width=\"1024\" height=\"126\" src=\"https:\/\/u-labs.de\/portal\/wp-content\/uploads\/2022\/08\/grafik-22-1024x126.png\" alt=\"\" class=\"wp-image-9395\" srcset=\"https:\/\/u-labs.de\/portal\/wp-content\/uploads\/2022\/08\/grafik-22-1024x126.png 1024w, https:\/\/u-labs.de\/portal\/wp-content\/uploads\/2022\/08\/grafik-22-300x37.png 300w, https:\/\/u-labs.de\/portal\/wp-content\/uploads\/2022\/08\/grafik-22-768x95.png 768w, https:\/\/u-labs.de\/portal\/wp-content\/uploads\/2022\/08\/grafik-22-70x9.png 70w, https:\/\/u-labs.de\/portal\/wp-content\/uploads\/2022\/08\/grafik-22.png 1219w\" sizes=\"auto, (max-width: 1024px) 100vw, 1024px\" \/><\/a><\/figure>\n<h2 class=\"wp-block-heading\">GNU\/Linux &amp; das UEFI<\/h2>\n<p>Wie sieht es mit Linux aus? Das ist hier besonders interessant, da Spielen &#8211; eines der Hauptgr\u00fcnde f\u00fcr Windows &#8211; auf diesem Ger\u00e4t definitiv entf\u00e4llt. Manjaro ist schnell installiert, nachdem man im UEFI\/Bios die Startreihenfolge \u00e4ndert. Mit der <strong>[ENTF]<\/strong> Taste l\u00e4sst es sich \u00f6ffnen. Das Bios stammt aus dem Jahre 2015 und ist recht rudiment\u00e4r, aber in meinen Augen ziemlich \u00fcbersichtlich. Praktisch: In den erweiterten Einstellungen unter <em>Hardware Monitor<\/em> l\u00e4sst sich das Verhalten des Prozessorl\u00fcfters regeln. Reduziert man <strong>Fan start PWM<\/strong> von 100 auf 50, ist der L\u00fcfter im Leerlauf gar nicht mehr h\u00f6rbar. Die Temperatur steigt nur wenig.<\/p>\n<figure class=\"wp-block-image size-full\"><a href=\"https:\/\/u-labs.de\/portal\/wp-content\/uploads\/2022\/09\/vlcsnap-2022-09-03-10h58m13s431.jpg\"><img loading=\"lazy\" decoding=\"async\" width=\"1920\" height=\"1080\" src=\"https:\/\/u-labs.de\/portal\/wp-content\/uploads\/2022\/09\/vlcsnap-2022-09-03-10h58m13s431.jpg\" alt=\"\" class=\"wp-image-9399\"\/><\/a><\/figure>\n<p>Manjaro l\u00e4uft ebenfalls fl\u00fcssig und wie man es erwarten w\u00fcrde mit geringem Ressourcenverbrauch. Alles funktioniert, wobei man WLAN sowie Bluetooth bei diesem Ger\u00e4t vermisst. Wer es ben\u00f6tigt, muss dies \u00fcber USB-Sticks nachr\u00fcsten.<\/p>\n<figure class=\"wp-block-image size-full\"><a href=\"https:\/\/u-labs.de\/portal\/wp-content\/uploads\/2022\/09\/vlcsnap-2022-09-03-10h55m23s717.jpg\"><img loading=\"lazy\" decoding=\"async\" width=\"1920\" height=\"1080\" src=\"https:\/\/u-labs.de\/portal\/wp-content\/uploads\/2022\/09\/vlcsnap-2022-09-03-10h55m23s717.jpg\" alt=\"\" class=\"wp-image-9400\"\/><\/a><\/figure>\n<p>Fedora 36 habe ich ebenfalls kurz getestet. Als Desktopumgebung kommt dort Gnome zum Einsatz &#8211; verglichen mit Xfce von Manjaro eher ressourcenhungrig. F\u00fcr den Giada H81 ist das kein wirkliches Problem: Auch hier ist die Bedienung schnell, es kommt zu keinen st\u00f6rend langen Wartezeiten.<\/p>\n<figure class=\"wp-block-image size-full\"><a href=\"https:\/\/u-labs.de\/portal\/wp-content\/uploads\/2022\/09\/vlcsnap-2022-09-03-10h54m58s394.jpg\"><img loading=\"lazy\" decoding=\"async\" width=\"1920\" height=\"1080\" src=\"https:\/\/u-labs.de\/portal\/wp-content\/uploads\/2022\/09\/vlcsnap-2022-09-03-10h54m58s394.jpg\" alt=\"\" class=\"wp-image-9401\"\/><\/a><\/figure>\n<h2 class=\"wp-block-heading\">Fazit<\/h2>\n<p>Der i5 des Giada H81 ist zum Testzeitpunkt etwa 8 Jahre alt, aber war damals schon leistungsf\u00e4hig. Zusammen mit den 8 GB Arbeitsspeicher reicht er f\u00fcr typische Aufgaben wie Surfen, Mails lesen, Videos etc. v\u00f6llig aus. Es sind sogar genug Ressourcen f\u00fcr komplexere Dinge wie z.B. Entwicklungsumgebungen vorhanden. Lediglich f\u00fcr CPU-Lastige Dinge ist der eingebaute Prozessor nur sehr eingeschr\u00e4nkt m\u00f6glich. F\u00fcr aufw\u00e4ndigere Spiele ist aber nahezu jeder Mini-PC mangels dedizierter Grafikkarte zu schwach.<\/p>\n<p>Als Mini-Server kann er theoretisch auch eingesetzt werden. Jedoch macht sich hier der im Vergleich mit dem Lenovo Tiny mehr als doppelt so hohe Stromverbrauch bemerkbar: Bei 42 Cent pro kWh macht das etwa 73 \u20ac pro Jahr gegen\u00fcber 25 \u20ac beim Tiny &#8211; somit ungef\u00e4hr 48 \u20ac Mehrkosten. Im Desktop-Betrieb f\u00e4llt der Unterschied deutlich geringer aus. Vor allem bei gelegentlicher Nutzung.<\/p>\n<p>Ich w\u00fcrde das Ger\u00e4t daher bevorzugt als kleines Desktopsystem verwenden. Die Erweiterbarkeit ist gegeben, hier gibt es gegen\u00fcber dem Tiny leider zwei entscheidende Nachteile: Es ist deutlich schwieriger, das Geh\u00e4use zu \u00d6ffnen. Dar\u00fcber hinaus ist die Verf\u00fcgbarkeit zumindest derzeit deutlich schlechter.<\/p>\n","protected":false},"excerpt":{"rendered":"<p>Was steckt im Giada Mini-PC? Das Format wird als USFF (Ultra Small Form Factor) bezeichnet. \u00c4u\u00dferlich ist er von der Gr\u00f6\u00dfe her etwas kleiner als ein Schuhkarton. Im Inneren steckt ein Intel Core i5-4590S, das &#8222;S&#8220; steht f\u00fcr Special Edition. Mit 5118 Punkten erreicht er in Benchmark einen guten Wert. \u00dcber 6x mehr als der &#8230;<\/p>\n","protected":false},"author":5,"featured_media":9403,"comment_status":"open","ping_status":"open","sticky":false,"template":"","format":"standard","meta":{"footnotes":""},"categories":[8,1064],"tags":[1034],"class_list":["post-9380","post","type-post","status-publish","format-standard","has-post-thumbnail","hentry","category-hardware-tests","category-raspberry-pi-alternativen","tag-mini-pc"],"_links":{"self":[{"href":"https:\/\/u-labs.de\/portal\/wp-json\/wp\/v2\/posts\/9380","targetHints":{"allow":["GET"]}}],"collection":[{"href":"https:\/\/u-labs.de\/portal\/wp-json\/wp\/v2\/posts"}],"about":[{"href":"https:\/\/u-labs.de\/portal\/wp-json\/wp\/v2\/types\/post"}],"author":[{"embeddable":true,"href":"https:\/\/u-labs.de\/portal\/wp-json\/wp\/v2\/users\/5"}],"replies":[{"embeddable":true,"href":"https:\/\/u-labs.de\/portal\/wp-json\/wp\/v2\/comments?post=9380"}],"version-history":[{"count":8,"href":"https:\/\/u-labs.de\/portal\/wp-json\/wp\/v2\/posts\/9380\/revisions"}],"predecessor-version":[{"id":9863,"href":"https:\/\/u-labs.de\/portal\/wp-json\/wp\/v2\/posts\/9380\/revisions\/9863"}],"wp:featuredmedia":[{"embeddable":true,"href":"https:\/\/u-labs.de\/portal\/wp-json\/wp\/v2\/media\/9403"}],"wp:attachment":[{"href":"https:\/\/u-labs.de\/portal\/wp-json\/wp\/v2\/media?parent=9380"}],"wp:term":[{"taxonomy":"category","embeddable":true,"href":"https:\/\/u-labs.de\/portal\/wp-json\/wp\/v2\/categories?post=9380"},{"taxonomy":"post_tag","embeddable":true,"href":"https:\/\/u-labs.de\/portal\/wp-json\/wp\/v2\/tags?post=9380"}],"curies":[{"name":"wp","href":"https:\/\/api.w.org\/{rel}","templated":true}]}}